{"id":559,"date":"2018-04-27T19:56:00","date_gmt":"2018-04-27T17:56:00","guid":{"rendered":""},"modified":"2022-03-13T14:44:02","modified_gmt":"2022-03-13T13:44:02","slug":"celle-qui-reste-et-celle-qui-fuit-une","status":"publish","type":"post","link":"https:\/\/melissapontery.fr\/index.php\/2018\/04\/27\/celle-qui-reste-et-celle-qui-fuit-une\/","title":{"rendered":"Celle qui fuit et celle qui reste, une plong\u00e9e dans les d\u00e9buts du f\u00e9minisme"},"content":{"rendered":"\n<p class=\"has-medium-font-size\">Sous les traits d\u2019Elena et de Lila,\u00a0<em><a href=\"https:\/\/mallysbooks.fr\/index.php\/2017\/05\/31\/lamie-prodigieuse-elena-ferrante\/\" target=\"_blank\" rel=\"noreferrer noopener\">L\u2019Amie prodigieuse<\/a><\/em>\u00a0a d\u2019abord ouvert la bo\u00eete de Pandore de l\u2019enfance. Puis\u00a0<em><a href=\"https:\/\/mallysbooks.fr\/index.php\/2017\/06\/10\/le-nouveau-nom-elena-ferrante\/\" target=\"_blank\" rel=\"noreferrer noopener\">Le nouveau nom<\/a><\/em>\u00a0r\u00e9v\u00e9lait l\u2019entr\u00e9e fascinante des deux h\u00e9ro\u00efnes dans la vie de jeunes femmes. Avec\u00a0<em>Celle qui fuit et celle qui reste<\/em>, <a href=\"https:\/\/mallysbooks.fr\/index.php\/tag\/elena-ferrante\/\" target=\"_blank\" rel=\"noreferrer noopener\">Elena Ferrante<\/a> signe une perc\u00e9e toujours plus forte vers la libert\u00e9.<\/p>\n\n\n\n<h3 class=\"wp-block-heading\" style=\"font-style:normal;font-weight:300;text-transform:uppercase\"><mark style=\"background-color:rgba(0, 0, 0, 0);color:#ce846e\" class=\"has-inline-color\">La quatri\u00e8me de couverture\u2026<\/mark><\/h3>\n\n\n\n<p><em>Pour Elena, comme pour l\u2019Italie, une p\u00e9riode de grands bouleversements s\u2019ouvre. Nous sommes \u00e0 la fin des ann\u00e9es soixante, les \u00e9v\u00e9nements de 1968 s\u2019annoncent, les mouvements f\u00e9ministes et protestataires s\u2019organisent, et Elena, dipl\u00f4m\u00e9e de l\u2019\u00c9cole normale de Pise et entour\u00e9e d\u2019universitaires, est au premier rang. M\u00eame si les choix de Lila sont radicalement diff\u00e9rents, les deux jeunes femmes sont toujours aussi proches, une relation faite d\u2019amour et de haine, telles deux s\u0153urs qui se ressembleraient trop. Et, une nouvelle fois, les circonstances vont les rapprocher, puis les \u00e9loigner, au cours de cette tumultueuse travers\u00e9e des ann\u00e9es soixante-dix. \u00c0 la dimension historique et intime s\u2019ajoute m\u00eame un volet politique, puisque les dix ann\u00e9es que couvre le roman sont cruciales pour l\u2019Italie, un pays en transformation, en marche vers la modernit\u00e9.<\/em><\/p>\n\n\n\n<h3 class=\"wp-block-heading\" style=\"font-style:normal;font-weight:300;text-transform:uppercase\"><mark style=\"background-color:rgba(0, 0, 0, 0);color:#ce846e\" class=\"has-inline-color\">\u00catre femme\u00a0: appliquer la raison du plus fort\u2009!\u00a0<\/mark><\/h3>\n\n\n\n<p>\u00c0 l\u2019oppos\u00e9 des deux pr\u00e9c\u00e9dents romans, cette travers\u00e9e litt\u00e9raire fut longue et \u00e0 mon sens, moins touchante. Beaucoup parlent de ce troisi\u00e8me tome comme l\u2019un des plus aboutis de l\u2019\u0153uvre d\u2019Elena Ferrante ; j\u2019y ai quant \u00e0 moi trouv\u00e9 une dimension politique beaucoup trop pr\u00e9gnante qui dessert le rythme pr\u00e9c\u00e9demment \u00e9tabli.&nbsp;<\/p>\n\n\n\n<p><em>Celle qui fuit et celle qui reste&nbsp;<\/em>prend sa source dans les bouleversements estudiantins de mai&nbsp;1968, et retrace la prise de conscience politique des deux h\u00e9ro\u00efnes. \u00c0 20&nbsp;ans, les deux amies que tout oppose sont anim\u00e9es par une m\u00eame ferveur&nbsp;: le besoin de justice sociale. Puis, c\u2019est une plong\u00e9e dans les d\u00e9buts du f\u00e9minisme avec d\u2019un c\u00f4t\u00e9 une Lila sauvage, affranchie du joug marital, autonome et ind\u00e9pendante ; et de l\u2019autre Elena, jeune mari\u00e9e bourgeoise, coinc\u00e9e dans son r\u00f4le de m\u00e8re au foyer et d\u00e9sormais habit\u00e9e par la seule envie de plaire.&nbsp;<\/p>\n\n\n\n<p>Deux femmes de caract\u00e8re se construisent et entrent de plein fouet dans la modernit\u00e9 du monde d\u2019aujourd\u2019hui, mais s\u2019\u00e9loignent de plus en plus l\u2019une de l\u2019autre. Certes, le plaisir \u00e0 retrouver ces deux personnages est toujours aussi fort, mais ce tome semble vouloir insister davantage sur les bouleversements historiques que sur l\u2019\u00e9volution de l\u2019amiti\u00e9 entre les deux protagonistes. Dommage\u2009!\u00a0<\/p>\n\n\n\n<h3 class=\"wp-block-heading\" style=\"font-style:normal;font-weight:300;text-transform:uppercase\"><mark style=\"background-color:rgba(0, 0, 0, 0);color:#ce846e\" class=\"has-inline-color\">Pour r\u00e9sumer\u2026\u00a0<\/mark><\/h3>\n\n\n\n<p><em>Celle qui fuit et celle qui reste\u00a0<\/em>fait la part belle aux tournants politiques des ann\u00e9es\u00a070, mais semble en oublier l\u2019histoire principale\u00a0: l\u2019amiti\u00e9 entre Elena et Lila. La lecture est agr\u00e9able, mais \u00e0 mon sens moins passionnante que les deux premiers volumes. Difficile d\u2019imaginer la suite donn\u00e9e \u00e0 la saga tant on reste sur sa faim, mais une chose est s\u00fbre, les fans seront au rendez-vous\u2009!\u00a0<\/p>\n\n\n\n<h3 class=\"wp-block-heading\" style=\"font-style:normal;font-weight:300;text-transform:uppercase\"><mark style=\"background-color:rgba(0, 0, 0, 0);color:#ce846e\" class=\"has-inline-color\">Ma note\u2026<\/mark>\u00a0<\/h3>\n\n\n\n<p>15\/20<\/p>\n\n\n\n<p>\u00a0<\/p>\n\n\n\n<p class=\"has-text-align-right\"><em>Celle qui fuit et celle qui reste<\/em>\u00a0<br>Elena Ferrante\u00a0<br><a href=\"https:\/\/www.gallimard.fr\/Catalogue\/GALLIMARD\/Du-monde-entier\/Celle-qui-fuit-et-celle-qui-reste\" target=\"_blank\" rel=\"noreferrer noopener\">480 p. Gallimard, 23,00\u00a0\u20ac<\/a><\/p>\n\n\n\n<p><\/p>\n\n\n\n<p class=\"has-text-align-right\">Dans la m\u00eame saga<br><em><a href=\"https:\/\/mallysbooks.fr\/index.php\/2017\/05\/31\/lamie-prodigieuse-elena-ferrante\/\" target=\"_blank\" rel=\"noreferrer noopener\">L\u2019Amie prodigieuse<\/a><\/em><br><a href=\"https:\/\/mallysbooks.fr\/index.php\/2017\/06\/10\/le-nouveau-nom-elena-ferrante\/\" target=\"_blank\" rel=\"noreferrer noopener\"><em>Le nouveau nom<\/em>\u00a0<\/a><br><em><a href=\"https:\/\/mallysbooks.fr\/index.php\/2020\/03\/19\/lenfant-perdue-lultime-revers-dune\/\" target=\"_blank\" rel=\"noreferrer noopener\">L&rsquo;Enfant perdue<\/a><\/em><strong><br><\/strong><\/p>\n","protected":false},"excerpt":{"rendered":"<p>Sous les traits d\u2019Elena et de Lila, L\u2019Amie prodigieuse a d\u2019abord ouvert la bo\u00eete de Pandore de l\u2019enfance. Puis Le nouveau nom r\u00e9v\u00e9lait l\u2019entr\u00e9e fascinante des deux h\u00e9ro\u00efnes dans la vie de jeunes femmes. Avec Celle qui fuit et celle qui reste, Elena Ferrante signe une perc\u00e9e toujours plus forte vers la libert\u00e9.<\/p>\n","protected":false},"author":1,"featured_media":1515,"comment_status":"open","ping_status":"closed","sticky":false,"template":"","format":"standard","meta":{"footnotes":""},"categories":[9,10,86],"tags":[95,124,151,149,150],"class_list":["post-559","post","type-post","status-publish","format-standard","has-post-thumbnail","hentry","category-chroniques-de-livres","category-roman","category-saga","tag-amitie","tag-elena-ferrante","tag-fresque-sociale","tag-italie","tag-naples","latest_post"],"yoast_head":"<!-- This site is optimized with the Yoast SEO plugin v27.5 - https:\/\/yoast.com\/product\/yoast-seo-wordpress\/ -->\n<title>Celle qui fuit et celle qui reste, une plong\u00e9e dans les d\u00e9buts du f\u00e9minisme - M\u00e9lissa Pont\u00e9ry<\/title>\n<meta name=\"description\" content=\"Avec Celle qui fuit et celle qui reste, Elena Ferrante signe une perc\u00e9e toujours plus forte vers la libert\u00e9.\" \/>\n<meta name=\"robots\" content=\"index, follow, max-snippet:-1, max-image-preview:large, max-video-preview:-1\" \/>\n<link rel=\"canonical\" href=\"https:\/\/melissapontery.fr\/index.php\/2018\/04\/27\/celle-qui-reste-et-celle-qui-fuit-une\/\" \/>\n<meta property=\"og:locale\" content=\"fr_FR\" \/>\n<meta property=\"og:type\" content=\"article\" \/>\n<meta property=\"og:title\" content=\"Celle qui fuit et celle qui reste, une plong\u00e9e dans les d\u00e9buts du f\u00e9minisme - M\u00e9lissa Pont\u00e9ry\" \/>\n<meta property=\"og:description\" content=\"Avec Celle qui fuit et celle qui reste, Elena Ferrante signe une perc\u00e9e toujours plus forte vers la libert\u00e9.\" \/>\n<meta property=\"og:url\" content=\"https:\/\/melissapontery.fr\/index.php\/2018\/04\/27\/celle-qui-reste-et-celle-qui-fuit-une\/\" \/>\n<meta property=\"og:site_name\" content=\"M\u00e9lissa Pont\u00e9ry\" \/>\n<meta property=\"article:published_time\" content=\"2018-04-27T17:56:00+00:00\" \/>\n<meta property=\"article:modified_time\" content=\"2022-03-13T13:44:02+00:00\" \/>\n<meta property=\"og:image\" content=\"https:\/\/melissapontery.fr\/wp-content\/uploads\/2018\/04\/Chronique-litteraire-Celle-qui-fuit-et-celle-qui-reste-par-Mallys-Books-Melissa-Pontery.png\" \/>\n\t<meta property=\"og:image:width\" content=\"800\" \/>\n\t<meta property=\"og:image:height\" content=\"500\" \/>\n\t<meta property=\"og:image:type\" content=\"image\/png\" \/>\n<meta name=\"author\" content=\"M\u00e9lissa Pont\u00e9ry\" \/>\n<meta name=\"twitter:card\" content=\"summary_large_image\" \/>\n<meta name=\"twitter:label1\" content=\"\u00c9crit par\" \/>\n\t<meta name=\"twitter:data1\" content=\"M\u00e9lissa Pont\u00e9ry\" \/>\n\t<meta name=\"twitter:label2\" content=\"Dur\u00e9e de lecture estim\u00e9e\" \/>\n\t<meta name=\"twitter:data2\" content=\"3 minutes\" \/>\n<script type=\"application\/ld+json\" class=\"yoast-schema-graph\">{\"@context\":\"https:\\\/\\\/schema.org\",\"@graph\":[{\"@type\":\"Article\",\"@id\":\"https:\\\/\\\/melissapontery.fr\\\/index.php\\\/2018\\\/04\\\/27\\\/celle-qui-reste-et-celle-qui-fuit-une\\\/#article\",\"isPartOf\":{\"@id\":\"https:\\\/\\\/melissapontery.fr\\\/index.php\\\/2018\\\/04\\\/27\\\/celle-qui-reste-et-celle-qui-fuit-une\\\/\"},\"author\":{\"name\":\"M\u00e9lissa Pont\u00e9ry\",\"@id\":\"https:\\\/\\\/melissapontery.fr\\\/#\\\/schema\\\/person\\\/879d99a7ed8522fc4c9aba2d2e3b615c\"},\"headline\":\"Celle qui fuit et celle qui reste, une plong\u00e9e dans les d\u00e9buts du f\u00e9minisme\",\"datePublished\":\"2018-04-27T17:56:00+00:00\",\"dateModified\":\"2022-03-13T13:44:02+00:00\",\"mainEntityOfPage\":{\"@id\":\"https:\\\/\\\/melissapontery.fr\\\/index.php\\\/2018\\\/04\\\/27\\\/celle-qui-reste-et-celle-qui-fuit-une\\\/\"},\"wordCount\":585,\"commentCount\":0,\"publisher\":{\"@id\":\"https:\\\/\\\/melissapontery.fr\\\/#\\\/schema\\\/person\\\/879d99a7ed8522fc4c9aba2d2e3b615c\"},\"image\":{\"@id\":\"https:\\\/\\\/melissapontery.fr\\\/index.php\\\/2018\\\/04\\\/27\\\/celle-qui-reste-et-celle-qui-fuit-une\\\/#primaryimage\"},\"thumbnailUrl\":\"https:\\\/\\\/melissapontery.fr\\\/wp-content\\\/uploads\\\/2018\\\/04\\\/Chronique-litteraire-Celle-qui-fuit-et-celle-qui-reste-par-Mallys-Books-Melissa-Pontery.png\",\"keywords\":[\"Amiti\u00e9\",\"Elena Ferrante\",\"Fresque sociale\",\"Italie\",\"Naples\"],\"articleSection\":[\"Chroniques de livres\",\"Roman\",\"Saga\"],\"inLanguage\":\"fr-FR\",\"potentialAction\":[{\"@type\":\"CommentAction\",\"name\":\"Comment\",\"target\":[\"https:\\\/\\\/melissapontery.fr\\\/index.php\\\/2018\\\/04\\\/27\\\/celle-qui-reste-et-celle-qui-fuit-une\\\/#respond\"]}]},{\"@type\":\"WebPage\",\"@id\":\"https:\\\/\\\/melissapontery.fr\\\/index.php\\\/2018\\\/04\\\/27\\\/celle-qui-reste-et-celle-qui-fuit-une\\\/\",\"url\":\"https:\\\/\\\/melissapontery.fr\\\/index.php\\\/2018\\\/04\\\/27\\\/celle-qui-reste-et-celle-qui-fuit-une\\\/\",\"name\":\"Celle qui fuit et celle qui reste, une plong\u00e9e dans les d\u00e9buts du f\u00e9minisme - M\u00e9lissa Pont\u00e9ry\",\"isPartOf\":{\"@id\":\"https:\\\/\\\/melissapontery.fr\\\/#website\"},\"primaryImageOfPage\":{\"@id\":\"https:\\\/\\\/melissapontery.fr\\\/index.php\\\/2018\\\/04\\\/27\\\/celle-qui-reste-et-celle-qui-fuit-une\\\/#primaryimage\"},\"image\":{\"@id\":\"https:\\\/\\\/melissapontery.fr\\\/index.php\\\/2018\\\/04\\\/27\\\/celle-qui-reste-et-celle-qui-fuit-une\\\/#primaryimage\"},\"thumbnailUrl\":\"https:\\\/\\\/melissapontery.fr\\\/wp-content\\\/uploads\\\/2018\\\/04\\\/Chronique-litteraire-Celle-qui-fuit-et-celle-qui-reste-par-Mallys-Books-Melissa-Pontery.png\",\"datePublished\":\"2018-04-27T17:56:00+00:00\",\"dateModified\":\"2022-03-13T13:44:02+00:00\",\"description\":\"Avec Celle qui fuit et celle qui reste, Elena Ferrante signe une perc\u00e9e toujours plus forte vers la libert\u00e9.\",\"breadcrumb\":{\"@id\":\"https:\\\/\\\/melissapontery.fr\\\/index.php\\\/2018\\\/04\\\/27\\\/celle-qui-reste-et-celle-qui-fuit-une\\\/#breadcrumb\"},\"inLanguage\":\"fr-FR\",\"potentialAction\":[{\"@type\":\"ReadAction\",\"target\":[\"https:\\\/\\\/melissapontery.fr\\\/index.php\\\/2018\\\/04\\\/27\\\/celle-qui-reste-et-celle-qui-fuit-une\\\/\"]}]},{\"@type\":\"ImageObject\",\"inLanguage\":\"fr-FR\",\"@id\":\"https:\\\/\\\/melissapontery.fr\\\/index.php\\\/2018\\\/04\\\/27\\\/celle-qui-reste-et-celle-qui-fuit-une\\\/#primaryimage\",\"url\":\"https:\\\/\\\/melissapontery.fr\\\/wp-content\\\/uploads\\\/2018\\\/04\\\/Chronique-litteraire-Celle-qui-fuit-et-celle-qui-reste-par-Mallys-Books-Melissa-Pontery.png\",\"contentUrl\":\"https:\\\/\\\/melissapontery.fr\\\/wp-content\\\/uploads\\\/2018\\\/04\\\/Chronique-litteraire-Celle-qui-fuit-et-celle-qui-reste-par-Mallys-Books-Melissa-Pontery.png\",\"width\":800,\"height\":500,\"caption\":\"Chronique litt\u00e9raire Celle qui fuit et celle qui reste par Mally's Books - M\u00e9lissa Pont\u00e9ry\"},{\"@type\":\"BreadcrumbList\",\"@id\":\"https:\\\/\\\/melissapontery.fr\\\/index.php\\\/2018\\\/04\\\/27\\\/celle-qui-reste-et-celle-qui-fuit-une\\\/#breadcrumb\",\"itemListElement\":[{\"@type\":\"ListItem\",\"position\":1,\"name\":\"Accueil\",\"item\":\"https:\\\/\\\/melissapontery.fr\\\/\"},{\"@type\":\"ListItem\",\"position\":2,\"name\":\"Chroniques de livres\",\"item\":\"https:\\\/\\\/melissapontery.fr\\\/index.php\\\/category\\\/chroniques-de-livres\\\/\"},{\"@type\":\"ListItem\",\"position\":3,\"name\":\"Celle qui fuit et celle qui reste, une plong\u00e9e dans les d\u00e9buts du f\u00e9minisme\"}]},{\"@type\":\"WebSite\",\"@id\":\"https:\\\/\\\/melissapontery.fr\\\/#website\",\"url\":\"https:\\\/\\\/melissapontery.fr\\\/\",\"name\":\"M\u00e9lissa Pont\u00e9ry\",\"description\":\"Autrice, R\u00e9dactrice et Lectrice\",\"publisher\":{\"@id\":\"https:\\\/\\\/melissapontery.fr\\\/#\\\/schema\\\/person\\\/879d99a7ed8522fc4c9aba2d2e3b615c\"},\"potentialAction\":[{\"@type\":\"SearchAction\",\"target\":{\"@type\":\"EntryPoint\",\"urlTemplate\":\"https:\\\/\\\/melissapontery.fr\\\/?s={search_term_string}\"},\"query-input\":{\"@type\":\"PropertyValueSpecification\",\"valueRequired\":true,\"valueName\":\"search_term_string\"}}],\"inLanguage\":\"fr-FR\"},{\"@type\":[\"Person\",\"Organization\"],\"@id\":\"https:\\\/\\\/melissapontery.fr\\\/#\\\/schema\\\/person\\\/879d99a7ed8522fc4c9aba2d2e3b615c\",\"name\":\"M\u00e9lissa Pont\u00e9ry\",\"image\":{\"@type\":\"ImageObject\",\"inLanguage\":\"fr-FR\",\"@id\":\"http:\\\/\\\/iksscaz.cluster031.hosting.ovh.net\\\/wp-content\\\/uploads\\\/2022\\\/02\\\/A-propos-5.png\",\"url\":\"http:\\\/\\\/iksscaz.cluster031.hosting.ovh.net\\\/wp-content\\\/uploads\\\/2022\\\/02\\\/A-propos-5.png\",\"contentUrl\":\"http:\\\/\\\/iksscaz.cluster031.hosting.ovh.net\\\/wp-content\\\/uploads\\\/2022\\\/02\\\/A-propos-5.png\",\"width\":550,\"height\":550,\"caption\":\"M\u00e9lissa Pont\u00e9ry\"},\"logo\":{\"@id\":\"http:\\\/\\\/iksscaz.cluster031.hosting.ovh.net\\\/wp-content\\\/uploads\\\/2022\\\/02\\\/A-propos-5.png\"},\"sameAs\":[\"https:\\\/\\\/www.melissapontery.fr\",\"@melissa.pontery.auteure\"],\"url\":\"https:\\\/\\\/melissapontery.fr\\\/index.php\\\/author\\\/admin3115\\\/\"}]}<\/script>\n<!-- \/ Yoast SEO plugin. -->","yoast_head_json":{"title":"Celle qui fuit et celle qui reste, une plong\u00e9e dans les d\u00e9buts du f\u00e9minisme - M\u00e9lissa Pont\u00e9ry","description":"Avec Celle qui fuit et celle qui reste, Elena Ferrante signe une perc\u00e9e toujours plus forte vers la libert\u00e9.","robots":{"index":"index","follow":"follow","max-snippet":"max-snippet:-1","max-image-preview":"max-image-preview:large","max-video-preview":"max-video-preview:-1"},"canonical":"https:\/\/melissapontery.fr\/index.php\/2018\/04\/27\/celle-qui-reste-et-celle-qui-fuit-une\/","og_locale":"fr_FR","og_type":"article","og_title":"Celle qui fuit et celle qui reste, une plong\u00e9e dans les d\u00e9buts du f\u00e9minisme - M\u00e9lissa Pont\u00e9ry","og_description":"Avec Celle qui fuit et celle qui reste, Elena Ferrante signe une perc\u00e9e toujours plus forte vers la libert\u00e9.","og_url":"https:\/\/melissapontery.fr\/index.php\/2018\/04\/27\/celle-qui-reste-et-celle-qui-fuit-une\/","og_site_name":"M\u00e9lissa Pont\u00e9ry","article_published_time":"2018-04-27T17:56:00+00:00","article_modified_time":"2022-03-13T13:44:02+00:00","og_image":[{"width":800,"height":500,"url":"https:\/\/melissapontery.fr\/wp-content\/uploads\/2018\/04\/Chronique-litteraire-Celle-qui-fuit-et-celle-qui-reste-par-Mallys-Books-Melissa-Pontery.png","type":"image\/png"}],"author":"M\u00e9lissa Pont\u00e9ry","twitter_card":"summary_large_image","twitter_misc":{"\u00c9crit par":"M\u00e9lissa Pont\u00e9ry","Dur\u00e9e de lecture estim\u00e9e":"3 minutes"},"schema":{"@context":"https:\/\/schema.org","@graph":[{"@type":"Article","@id":"https:\/\/melissapontery.fr\/index.php\/2018\/04\/27\/celle-qui-reste-et-celle-qui-fuit-une\/#article","isPartOf":{"@id":"https:\/\/melissapontery.fr\/index.php\/2018\/04\/27\/celle-qui-reste-et-celle-qui-fuit-une\/"},"author":{"name":"M\u00e9lissa Pont\u00e9ry","@id":"https:\/\/melissapontery.fr\/#\/schema\/person\/879d99a7ed8522fc4c9aba2d2e3b615c"},"headline":"Celle qui fuit et celle qui reste, une plong\u00e9e dans les d\u00e9buts du f\u00e9minisme","datePublished":"2018-04-27T17:56:00+00:00","dateModified":"2022-03-13T13:44:02+00:00","mainEntityOfPage":{"@id":"https:\/\/melissapontery.fr\/index.php\/2018\/04\/27\/celle-qui-reste-et-celle-qui-fuit-une\/"},"wordCount":585,"commentCount":0,"publisher":{"@id":"https:\/\/melissapontery.fr\/#\/schema\/person\/879d99a7ed8522fc4c9aba2d2e3b615c"},"image":{"@id":"https:\/\/melissapontery.fr\/index.php\/2018\/04\/27\/celle-qui-reste-et-celle-qui-fuit-une\/#primaryimage"},"thumbnailUrl":"https:\/\/melissapontery.fr\/wp-content\/uploads\/2018\/04\/Chronique-litteraire-Celle-qui-fuit-et-celle-qui-reste-par-Mallys-Books-Melissa-Pontery.png","keywords":["Amiti\u00e9","Elena Ferrante","Fresque sociale","Italie","Naples"],"articleSection":["Chroniques de livres","Roman","Saga"],"inLanguage":"fr-FR","potentialAction":[{"@type":"CommentAction","name":"Comment","target":["https:\/\/melissapontery.fr\/index.php\/2018\/04\/27\/celle-qui-reste-et-celle-qui-fuit-une\/#respond"]}]},{"@type":"WebPage","@id":"https:\/\/melissapontery.fr\/index.php\/2018\/04\/27\/celle-qui-reste-et-celle-qui-fuit-une\/","url":"https:\/\/melissapontery.fr\/index.php\/2018\/04\/27\/celle-qui-reste-et-celle-qui-fuit-une\/","name":"Celle qui fuit et celle qui reste, une plong\u00e9e dans les d\u00e9buts du f\u00e9minisme - M\u00e9lissa Pont\u00e9ry","isPartOf":{"@id":"https:\/\/melissapontery.fr\/#website"},"primaryImageOfPage":{"@id":"https:\/\/melissapontery.fr\/index.php\/2018\/04\/27\/celle-qui-reste-et-celle-qui-fuit-une\/#primaryimage"},"image":{"@id":"https:\/\/melissapontery.fr\/index.php\/2018\/04\/27\/celle-qui-reste-et-celle-qui-fuit-une\/#primaryimage"},"thumbnailUrl":"https:\/\/melissapontery.fr\/wp-content\/uploads\/2018\/04\/Chronique-litteraire-Celle-qui-fuit-et-celle-qui-reste-par-Mallys-Books-Melissa-Pontery.png","datePublished":"2018-04-27T17:56:00+00:00","dateModified":"2022-03-13T13:44:02+00:00","description":"Avec Celle qui fuit et celle qui reste, Elena Ferrante signe une perc\u00e9e toujours plus forte vers la libert\u00e9.","breadcrumb":{"@id":"https:\/\/melissapontery.fr\/index.php\/2018\/04\/27\/celle-qui-reste-et-celle-qui-fuit-une\/#breadcrumb"},"inLanguage":"fr-FR","potentialAction":[{"@type":"ReadAction","target":["https:\/\/melissapontery.fr\/index.php\/2018\/04\/27\/celle-qui-reste-et-celle-qui-fuit-une\/"]}]},{"@type":"ImageObject","inLanguage":"fr-FR","@id":"https:\/\/melissapontery.fr\/index.php\/2018\/04\/27\/celle-qui-reste-et-celle-qui-fuit-une\/#primaryimage","url":"https:\/\/melissapontery.fr\/wp-content\/uploads\/2018\/04\/Chronique-litteraire-Celle-qui-fuit-et-celle-qui-reste-par-Mallys-Books-Melissa-Pontery.png","contentUrl":"https:\/\/melissapontery.fr\/wp-content\/uploads\/2018\/04\/Chronique-litteraire-Celle-qui-fuit-et-celle-qui-reste-par-Mallys-Books-Melissa-Pontery.png","width":800,"height":500,"caption":"Chronique litt\u00e9raire Celle qui fuit et celle qui reste par Mally's Books - M\u00e9lissa Pont\u00e9ry"},{"@type":"BreadcrumbList","@id":"https:\/\/melissapontery.fr\/index.php\/2018\/04\/27\/celle-qui-reste-et-celle-qui-fuit-une\/#breadcrumb","itemListElement":[{"@type":"ListItem","position":1,"name":"Accueil","item":"https:\/\/melissapontery.fr\/"},{"@type":"ListItem","position":2,"name":"Chroniques de livres","item":"https:\/\/melissapontery.fr\/index.php\/category\/chroniques-de-livres\/"},{"@type":"ListItem","position":3,"name":"Celle qui fuit et celle qui reste, une plong\u00e9e dans les d\u00e9buts du f\u00e9minisme"}]},{"@type":"WebSite","@id":"https:\/\/melissapontery.fr\/#website","url":"https:\/\/melissapontery.fr\/","name":"M\u00e9lissa Pont\u00e9ry","description":"Autrice, R\u00e9dactrice et Lectrice","publisher":{"@id":"https:\/\/melissapontery.fr\/#\/schema\/person\/879d99a7ed8522fc4c9aba2d2e3b615c"},"potentialAction":[{"@type":"SearchAction","target":{"@type":"EntryPoint","urlTemplate":"https:\/\/melissapontery.fr\/?s={search_term_string}"},"query-input":{"@type":"PropertyValueSpecification","valueRequired":true,"valueName":"search_term_string"}}],"inLanguage":"fr-FR"},{"@type":["Person","Organization"],"@id":"https:\/\/melissapontery.fr\/#\/schema\/person\/879d99a7ed8522fc4c9aba2d2e3b615c","name":"M\u00e9lissa Pont\u00e9ry","image":{"@type":"ImageObject","inLanguage":"fr-FR","@id":"http:\/\/iksscaz.cluster031.hosting.ovh.net\/wp-content\/uploads\/2022\/02\/A-propos-5.png","url":"http:\/\/iksscaz.cluster031.hosting.ovh.net\/wp-content\/uploads\/2022\/02\/A-propos-5.png","contentUrl":"http:\/\/iksscaz.cluster031.hosting.ovh.net\/wp-content\/uploads\/2022\/02\/A-propos-5.png","width":550,"height":550,"caption":"M\u00e9lissa Pont\u00e9ry"},"logo":{"@id":"http:\/\/iksscaz.cluster031.hosting.ovh.net\/wp-content\/uploads\/2022\/02\/A-propos-5.png"},"sameAs":["https:\/\/www.melissapontery.fr","@melissa.pontery.auteure"],"url":"https:\/\/melissapontery.fr\/index.php\/author\/admin3115\/"}]}},"_links":{"self":[{"href":"https:\/\/melissapontery.fr\/index.php\/wp-json\/wp\/v2\/posts\/559","targetHints":{"allow":["GET"]}}],"collection":[{"href":"https:\/\/melissapontery.fr\/index.php\/wp-json\/wp\/v2\/posts"}],"about":[{"href":"https:\/\/melissapontery.fr\/index.php\/wp-json\/wp\/v2\/types\/post"}],"author":[{"embeddable":true,"href":"https:\/\/melissapontery.fr\/index.php\/wp-json\/wp\/v2\/users\/1"}],"replies":[{"embeddable":true,"href":"https:\/\/melissapontery.fr\/index.php\/wp-json\/wp\/v2\/comments?post=559"}],"version-history":[{"count":0,"href":"https:\/\/melissapontery.fr\/index.php\/wp-json\/wp\/v2\/posts\/559\/revisions"}],"wp:featuredmedia":[{"embeddable":true,"href":"https:\/\/melissapontery.fr\/index.php\/wp-json\/wp\/v2\/media\/1515"}],"wp:attachment":[{"href":"https:\/\/melissapontery.fr\/index.php\/wp-json\/wp\/v2\/media?parent=559"}],"wp:term":[{"taxonomy":"category","embeddable":true,"href":"https:\/\/melissapontery.fr\/index.php\/wp-json\/wp\/v2\/categories?post=559"},{"taxonomy":"post_tag","embeddable":true,"href":"https:\/\/melissapontery.fr\/index.php\/wp-json\/wp\/v2\/tags?post=559"}],"curies":[{"name":"wp","href":"https:\/\/api.w.org\/{rel}","templated":true}]}}