{"id":533,"date":"2021-12-08T12:37:00","date_gmt":"2021-12-08T11:37:00","guid":{"rendered":""},"modified":"2022-03-06T17:56:13","modified_gmt":"2022-03-06T16:56:13","slug":"la-nuit-italienne-une-porte-ouverte-aux","status":"publish","type":"post","link":"https:\/\/melissapontery.fr\/index.php\/2021\/12\/08\/la-nuit-italienne-une-porte-ouverte-aux\/","title":{"rendered":"La Nuit italienne, une porte ouverte aux \u00e2mes rebelles."},"content":{"rendered":"\n<p class=\"has-medium-font-size\">Dans&nbsp;<em>La Nuit italienne<\/em>, Nicole Fabre s\u2019immisce au c\u0153ur d\u2019un peuple fascin\u00e9 par son dictateur. Des confins du pouvoir aux rep\u00e8res d\u2019artistes interdits, l\u2019histoire du fascisme s\u2019\u00e9crit \u00e0 travers les yeux de Guilia, jeune rebelle d\u2019une beaut\u00e9 \u00e9clatante, qui pourrait bien faire trembler Rome. <\/p>\n\n\n\n<p class=\"has-medium-font-size\">Une histoire de passion, de trahisons, mais surtout de convictions.<\/p>\n\n\n\n<h3 class=\"wp-block-heading\" style=\"font-style:normal;font-weight:300;text-transform:uppercase\"><mark style=\"background-color:rgba(0, 0, 0, 0);color:#ce846e\" class=\"has-inline-color\">La quatri\u00e8me de couverture\u2026<\/mark><\/h3>\n\n\n\n<p><em>1924, Rome.<\/em><\/p>\n\n\n\n<p><em>Dans une Italie o\u00f9 le succ\u00e8s de Mussolini ne fait que cro\u00eetre, la jeune Giulia, 13 ans, refuse de rejoindre les jeunesses fascistes. Indisciplin\u00e9e, elle d\u00e9fie les r\u00e8gles \u00e9dict\u00e9es par sa famille bourgeoise et se lance \u00e0 corps perdu dans sa passion pour l\u2019art et la litt\u00e9rature.<\/em><\/p>\n\n\n\n<p><em>Devenue journaliste pour Margherita Sarfatti, la redoutable ma\u00eetresse du Duce et la femme qui domine tout le milieu de l\u2019art italien, Giulia se trouve partag\u00e9e entre son amour pour un talentueux peintre antifasciste et son attirance pour le sensuel et dangereux Italo Balbo, ministre proche de Mussolini.Alors que le monde est sur le point de basculer, la jeune femme aura besoin de toute sa d\u00e9termination pour naviguer au c\u0153ur des heures les plus sombres et dangereuses de l\u2019histoire.<\/em><\/p>\n\n\n\n<h3 class=\"wp-block-heading\" style=\"font-style:normal;font-weight:300;text-transform:uppercase\"><mark style=\"background-color:rgba(0, 0, 0, 0);color:#ce846e\" class=\"has-inline-color\">Amours, passions et convictions\u2026<\/mark> \u00a0<\/h3>\n\n\n\n<p>L\u2019intrigue est si connue qu\u2019elle ne peut qu\u2019accrocher le lecteur ! \u00c0 peine sortie de l\u2019adolescence, une jeune fille de bonne famille d\u00e9couvre avec \u00e9mois l\u2019attirance magn\u00e9tique qu\u2019elle exerce sur la gent masculine. Dans une \u00e9poque troubl\u00e9e par les heurts politiques, son esprit vif et brillant ne peut accepter l\u2019oppression d\u2019un r\u00e9gime injuste et liberticide. Deux choix s\u2019offrent \u00e0 elle : c\u00e9der \u00e0 la facilit\u00e9 que lui offre sa beaut\u00e9 pour faire sa place dans la lumi\u00e8re. Ou r\u00e9sister, au risque de s\u2019attirer des ennuis.<\/p>\n\n\n\n<p>Guilia Diacalone n\u2019a rien \u00e0 envier aux Scarlett O\u2019Hara, L\u00e9a Delmas, et autres h\u00e9ro\u00efnes de roman historique. On prend plaisir \u00e0 suivre cette jeune Italienne, en prise avec cet \u00e9ternel tiraillement du c\u0153ur et de la raison. <\/p>\n\n\n\n<p>Doit-elle rompre avec cette famille aveugl\u00e9e par les promesses d\u2019une Italie meilleure ? <\/p>\n\n\n\n<p>Trahit-elle ses principes, en travaillant pour la femme la plus puissante du r\u00e9gime ?<\/p>\n\n\n\n<h5 class=\"wp-block-heading\">Peut-on \u00e9teindre le feu de la passion ?<\/h5>\n\n\n\n<p>Entre un peintre antifasciste, et  l\u2019un des h\u00e9ros de la Nation, sont coeur balance. Ses amours tumultueuses vont l\u2019entra\u00eener sur la pente glissante de l\u2019\u00e2ge adulte : celle des choix, et des compromis.<\/p>\n\n\n\n<p>Bien loin des clich\u00e9s du genre, Nicole Fabre construit une h\u00e9ro\u00efne r\u00e9solument moderne. Giulia est une beaut\u00e9 pulpeuse et sauvage qui s\u00e9duit par sa force de caract\u00e8re, et sa maladresse chronique. <\/p>\n\n\n\n<h5 class=\"wp-block-heading\">Une femme au coeur du pouvoir politique.<\/h5>\n\n\n\n<p>On appr\u00e9cie \u00e9galement le portrait tout en nuances que dresse l\u2019autrice de Margherita Sarfatti. Femme de lettres, journaliste, mais aussi critique d\u2019art italien, la ma\u00eetresse de Mussolini est puissante. Missionn\u00e9e pour assurer la propagande du r\u00e9gime, elle n\u2019en reste pas moins une esth\u00e8te qui contribuera \u00e0 l\u2019expansion de l\u2019art italien. Elle remettra au centre des d\u00e9bats la place essentielle de l\u2019enseignement dans le devenir des jeunes femmes. <\/p>\n\n\n\n<p>Par ses relations, sa fortune et son pouvoir d\u2019influence, la Sarfatti est probablement \u00e0 cette \u00e9poque la femme la plus en vue de la p\u00e9ninsule. Une femme qui reste toutefois menac\u00e9e par l\u2019ombre de l\u2019antis\u00e9mitisme.<\/p>\n\n\n\n<h3 class=\"wp-block-heading\" style=\"font-style:normal;font-weight:300;text-transform:uppercase\"><mark style=\"background-color:rgba(0, 0, 0, 0);color:#ce846e\" class=\"has-inline-color\">Pour r\u00e9sumer\u2026<\/mark><\/h3>\n\n\n\n<p><em>La Nuit italienne<\/em>&nbsp;est un roman d\u2019art, d\u2019Histoire, qui nous plonge dans les coulisses du pouvoir de la Rome des ann\u00e9es 1930. Propagande, violence et boh\u00e8me artistique se m\u00ealent, avec pour toile de fond le choix des opinions. Dans cette ambiance, l\u2019innocence r\u00e9volt\u00e9e de Guilia insuffle un air de libert\u00e9.<\/p>\n\n\n\n<p>Si la litt\u00e9rature a mille fois trait\u00e9 de la Seconde Guerre Mondiale, la mont\u00e9e des fascistes dans l\u2019Italie des ann\u00e9es 30 a moins \u00e9t\u00e9 abord\u00e9e. Les causes et cons\u00e9quences de leur av\u00e8nement y sont d\u00e9velopp\u00e9es avec un style fin et incisif. On retrouve des accents d\u2019<a href=\"https:\/\/mallysbooks.fr\/index.php\/tag\/elena-ferrante\/\" target=\"_blank\" rel=\"noreferrer noopener\">Elena Ferrante<\/a> dans cette fa\u00e7on de d\u00e9crire l\u2019Italie, aussi hostile que sublime. Un roman que l\u2019on d\u00e9vore.<\/p>\n\n\n\n<h3 class=\"wp-block-heading\" style=\"font-style:normal;font-weight:300;text-transform:uppercase\"><mark style=\"background-color:rgba(0, 0, 0, 0);color:#ce846e\" class=\"has-inline-color\">Ma note\u2026<\/mark><\/h3>\n\n\n\n<p>15\/20<\/p>\n\n\n\n<p class=\"has-text-align-right\"><em><a href=\"https:\/\/www.editionsleduc.com\/produit\/2451\/9782368126356\/la-nuit-italienne\" target=\"_blank\" rel=\"noreferrer noopener\">La Nuit italienne<br><\/a><\/em>Nicole Fabre<br>528 p. \u00c9ditions Charleston, 8,90 \u20ac<\/p>\n","protected":false},"excerpt":{"rendered":"<p>Dans\u00a0La Nuit italienne, Nicole Fabre s\u2019immisce au c\u0153ur d\u2019un peuple fascin\u00e9 par son dictateur. Des confins du pouvoir aux rep\u00e8res d\u2019artistes interdits, l\u2019histoire du fascisme s\u2019\u00e9crit \u00e0 travers les yeux de Guilia, jeune rebelle d\u2019une beaut\u00e9 \u00e9clatante, qui pourrait bien faire trembler Rome. <\/p>\n<p>Une histoire de passion, de trahisons, mais surtout de convictions.<\/p>\n","protected":false},"author":1,"featured_media":1260,"comment_status":"open","ping_status":"closed","sticky":false,"template":"","format":"standard","meta":{"footnotes":""},"categories":[9,10],"tags":[97,122,120,110,119,121,92,123,94],"class_list":["post-533","post","type-post","status-publish","format-standard","has-post-thumbnail","hentry","category-chroniques-de-livres","category-roman","tag-amour","tag-conviction","tag-fascisme","tag-feminisme","tag-heroine","tag-passion","tag-recit-historique","tag-resistance","tag-seconde-guerre-mondiale","latest_post"],"yoast_head":"<!-- This site is optimized with the Yoast SEO plugin v27.4 - https:\/\/yoast.com\/product\/yoast-seo-wordpress\/ -->\n<title>La Nuit italienne, une porte ouverte aux \u00e2mes rebelles. - M\u00e9lissa Pont\u00e9ry<\/title>\n<meta name=\"description\" content=\"Dans La Nuit italienne, Nicole Fabre s\u2019immisce au c\u0153ur d\u2019un peuple fascin\u00e9 par son dictateur. L\u2019histoire du fascisme s\u2019\u00e9crit \u00e0 travers les yeux de Guilia.\" \/>\n<meta name=\"robots\" content=\"index, follow, max-snippet:-1, max-image-preview:large, max-video-preview:-1\" \/>\n<link rel=\"canonical\" href=\"https:\/\/melissapontery.fr\/index.php\/2021\/12\/08\/la-nuit-italienne-une-porte-ouverte-aux\/\" \/>\n<meta property=\"og:locale\" content=\"fr_FR\" \/>\n<meta property=\"og:type\" content=\"article\" \/>\n<meta property=\"og:title\" content=\"La Nuit italienne, une porte ouverte aux \u00e2mes rebelles. - M\u00e9lissa Pont\u00e9ry\" \/>\n<meta property=\"og:description\" content=\"Dans La Nuit italienne, Nicole Fabre s\u2019immisce au c\u0153ur d\u2019un peuple fascin\u00e9 par son dictateur. L\u2019histoire du fascisme s\u2019\u00e9crit \u00e0 travers les yeux de Guilia.\" \/>\n<meta property=\"og:url\" content=\"https:\/\/melissapontery.fr\/index.php\/2021\/12\/08\/la-nuit-italienne-une-porte-ouverte-aux\/\" \/>\n<meta property=\"og:site_name\" content=\"M\u00e9lissa Pont\u00e9ry\" \/>\n<meta property=\"article:published_time\" content=\"2021-12-08T11:37:00+00:00\" \/>\n<meta property=\"article:modified_time\" content=\"2022-03-06T16:56:13+00:00\" \/>\n<meta property=\"og:image\" content=\"https:\/\/melissapontery.fr\/wp-content\/uploads\/2021\/12\/Chronique-litteraire-La-Nuit-italienne-par-Mallys-Books-Melissa-Pontery_800x500.png\" \/>\n\t<meta property=\"og:image:width\" content=\"800\" \/>\n\t<meta property=\"og:image:height\" content=\"500\" \/>\n\t<meta property=\"og:image:type\" content=\"image\/png\" \/>\n<meta name=\"author\" content=\"M\u00e9lissa Pont\u00e9ry\" \/>\n<meta name=\"twitter:card\" content=\"summary_large_image\" \/>\n<meta name=\"twitter:label1\" content=\"\u00c9crit par\" \/>\n\t<meta name=\"twitter:data1\" content=\"M\u00e9lissa Pont\u00e9ry\" \/>\n\t<meta name=\"twitter:label2\" content=\"Dur\u00e9e de lecture estim\u00e9e\" \/>\n\t<meta name=\"twitter:data2\" content=\"4 minutes\" \/>\n<script type=\"application\/ld+json\" class=\"yoast-schema-graph\">{\"@context\":\"https:\\\/\\\/schema.org\",\"@graph\":[{\"@type\":\"Article\",\"@id\":\"https:\\\/\\\/melissapontery.fr\\\/index.php\\\/2021\\\/12\\\/08\\\/la-nuit-italienne-une-porte-ouverte-aux\\\/#article\",\"isPartOf\":{\"@id\":\"https:\\\/\\\/melissapontery.fr\\\/index.php\\\/2021\\\/12\\\/08\\\/la-nuit-italienne-une-porte-ouverte-aux\\\/\"},\"author\":{\"name\":\"M\u00e9lissa Pont\u00e9ry\",\"@id\":\"https:\\\/\\\/melissapontery.fr\\\/#\\\/schema\\\/person\\\/879d99a7ed8522fc4c9aba2d2e3b615c\"},\"headline\":\"La Nuit italienne, une porte ouverte aux \u00e2mes rebelles.\",\"datePublished\":\"2021-12-08T11:37:00+00:00\",\"dateModified\":\"2022-03-06T16:56:13+00:00\",\"mainEntityOfPage\":{\"@id\":\"https:\\\/\\\/melissapontery.fr\\\/index.php\\\/2021\\\/12\\\/08\\\/la-nuit-italienne-une-porte-ouverte-aux\\\/\"},\"wordCount\":738,\"commentCount\":0,\"publisher\":{\"@id\":\"https:\\\/\\\/melissapontery.fr\\\/#\\\/schema\\\/person\\\/879d99a7ed8522fc4c9aba2d2e3b615c\"},\"image\":{\"@id\":\"https:\\\/\\\/melissapontery.fr\\\/index.php\\\/2021\\\/12\\\/08\\\/la-nuit-italienne-une-porte-ouverte-aux\\\/#primaryimage\"},\"thumbnailUrl\":\"https:\\\/\\\/melissapontery.fr\\\/wp-content\\\/uploads\\\/2021\\\/12\\\/Chronique-litteraire-La-Nuit-italienne-par-Mallys-Books-Melissa-Pontery_800x500.png\",\"keywords\":[\"Amour\",\"Conviction\",\"Fascisme\",\"F\u00e9minisme\",\"H\u00e9ro\u00efne\",\"Passion\",\"R\u00e9cit historique\",\"R\u00e9sistance\",\"Seconde Guerre Mondiale\"],\"articleSection\":[\"Chroniques de livres\",\"Roman\"],\"inLanguage\":\"fr-FR\",\"potentialAction\":[{\"@type\":\"CommentAction\",\"name\":\"Comment\",\"target\":[\"https:\\\/\\\/melissapontery.fr\\\/index.php\\\/2021\\\/12\\\/08\\\/la-nuit-italienne-une-porte-ouverte-aux\\\/#respond\"]}]},{\"@type\":\"WebPage\",\"@id\":\"https:\\\/\\\/melissapontery.fr\\\/index.php\\\/2021\\\/12\\\/08\\\/la-nuit-italienne-une-porte-ouverte-aux\\\/\",\"url\":\"https:\\\/\\\/melissapontery.fr\\\/index.php\\\/2021\\\/12\\\/08\\\/la-nuit-italienne-une-porte-ouverte-aux\\\/\",\"name\":\"La Nuit italienne, une porte ouverte aux \u00e2mes rebelles. - M\u00e9lissa Pont\u00e9ry\",\"isPartOf\":{\"@id\":\"https:\\\/\\\/melissapontery.fr\\\/#website\"},\"primaryImageOfPage\":{\"@id\":\"https:\\\/\\\/melissapontery.fr\\\/index.php\\\/2021\\\/12\\\/08\\\/la-nuit-italienne-une-porte-ouverte-aux\\\/#primaryimage\"},\"image\":{\"@id\":\"https:\\\/\\\/melissapontery.fr\\\/index.php\\\/2021\\\/12\\\/08\\\/la-nuit-italienne-une-porte-ouverte-aux\\\/#primaryimage\"},\"thumbnailUrl\":\"https:\\\/\\\/melissapontery.fr\\\/wp-content\\\/uploads\\\/2021\\\/12\\\/Chronique-litteraire-La-Nuit-italienne-par-Mallys-Books-Melissa-Pontery_800x500.png\",\"datePublished\":\"2021-12-08T11:37:00+00:00\",\"dateModified\":\"2022-03-06T16:56:13+00:00\",\"description\":\"Dans La Nuit italienne, Nicole Fabre s\u2019immisce au c\u0153ur d\u2019un peuple fascin\u00e9 par son dictateur. L\u2019histoire du fascisme s\u2019\u00e9crit \u00e0 travers les yeux de Guilia.\",\"breadcrumb\":{\"@id\":\"https:\\\/\\\/melissapontery.fr\\\/index.php\\\/2021\\\/12\\\/08\\\/la-nuit-italienne-une-porte-ouverte-aux\\\/#breadcrumb\"},\"inLanguage\":\"fr-FR\",\"potentialAction\":[{\"@type\":\"ReadAction\",\"target\":[\"https:\\\/\\\/melissapontery.fr\\\/index.php\\\/2021\\\/12\\\/08\\\/la-nuit-italienne-une-porte-ouverte-aux\\\/\"]}]},{\"@type\":\"ImageObject\",\"inLanguage\":\"fr-FR\",\"@id\":\"https:\\\/\\\/melissapontery.fr\\\/index.php\\\/2021\\\/12\\\/08\\\/la-nuit-italienne-une-porte-ouverte-aux\\\/#primaryimage\",\"url\":\"https:\\\/\\\/melissapontery.fr\\\/wp-content\\\/uploads\\\/2021\\\/12\\\/Chronique-litteraire-La-Nuit-italienne-par-Mallys-Books-Melissa-Pontery_800x500.png\",\"contentUrl\":\"https:\\\/\\\/melissapontery.fr\\\/wp-content\\\/uploads\\\/2021\\\/12\\\/Chronique-litteraire-La-Nuit-italienne-par-Mallys-Books-Melissa-Pontery_800x500.png\",\"width\":800,\"height\":500,\"caption\":\"Chronique litt\u00e9raire La Nuit italienne par Mally's Books - M\u00e9lissa Pont\u00e9ry\"},{\"@type\":\"BreadcrumbList\",\"@id\":\"https:\\\/\\\/melissapontery.fr\\\/index.php\\\/2021\\\/12\\\/08\\\/la-nuit-italienne-une-porte-ouverte-aux\\\/#breadcrumb\",\"itemListElement\":[{\"@type\":\"ListItem\",\"position\":1,\"name\":\"Accueil\",\"item\":\"https:\\\/\\\/melissapontery.fr\\\/\"},{\"@type\":\"ListItem\",\"position\":2,\"name\":\"Chroniques de livres\",\"item\":\"https:\\\/\\\/melissapontery.fr\\\/index.php\\\/category\\\/chroniques-de-livres\\\/\"},{\"@type\":\"ListItem\",\"position\":3,\"name\":\"Roman\",\"item\":\"https:\\\/\\\/melissapontery.fr\\\/index.php\\\/category\\\/chroniques-de-livres\\\/roman\\\/\"},{\"@type\":\"ListItem\",\"position\":4,\"name\":\"La Nuit italienne, une porte ouverte aux \u00e2mes rebelles.\"}]},{\"@type\":\"WebSite\",\"@id\":\"https:\\\/\\\/melissapontery.fr\\\/#website\",\"url\":\"https:\\\/\\\/melissapontery.fr\\\/\",\"name\":\"M\u00e9lissa Pont\u00e9ry\",\"description\":\"Autrice, R\u00e9dactrice et Lectrice\",\"publisher\":{\"@id\":\"https:\\\/\\\/melissapontery.fr\\\/#\\\/schema\\\/person\\\/879d99a7ed8522fc4c9aba2d2e3b615c\"},\"potentialAction\":[{\"@type\":\"SearchAction\",\"target\":{\"@type\":\"EntryPoint\",\"urlTemplate\":\"https:\\\/\\\/melissapontery.fr\\\/?s={search_term_string}\"},\"query-input\":{\"@type\":\"PropertyValueSpecification\",\"valueRequired\":true,\"valueName\":\"search_term_string\"}}],\"inLanguage\":\"fr-FR\"},{\"@type\":[\"Person\",\"Organization\"],\"@id\":\"https:\\\/\\\/melissapontery.fr\\\/#\\\/schema\\\/person\\\/879d99a7ed8522fc4c9aba2d2e3b615c\",\"name\":\"M\u00e9lissa Pont\u00e9ry\",\"image\":{\"@type\":\"ImageObject\",\"inLanguage\":\"fr-FR\",\"@id\":\"http:\\\/\\\/iksscaz.cluster031.hosting.ovh.net\\\/wp-content\\\/uploads\\\/2022\\\/02\\\/A-propos-5.png\",\"url\":\"http:\\\/\\\/iksscaz.cluster031.hosting.ovh.net\\\/wp-content\\\/uploads\\\/2022\\\/02\\\/A-propos-5.png\",\"contentUrl\":\"http:\\\/\\\/iksscaz.cluster031.hosting.ovh.net\\\/wp-content\\\/uploads\\\/2022\\\/02\\\/A-propos-5.png\",\"width\":550,\"height\":550,\"caption\":\"M\u00e9lissa Pont\u00e9ry\"},\"logo\":{\"@id\":\"http:\\\/\\\/iksscaz.cluster031.hosting.ovh.net\\\/wp-content\\\/uploads\\\/2022\\\/02\\\/A-propos-5.png\"},\"sameAs\":[\"https:\\\/\\\/www.melissapontery.fr\",\"@melissa.pontery.auteure\"],\"url\":\"https:\\\/\\\/melissapontery.fr\\\/index.php\\\/author\\\/admin3115\\\/\"}]}<\/script>\n<!-- \/ Yoast SEO plugin. -->","yoast_head_json":{"title":"La Nuit italienne, une porte ouverte aux \u00e2mes rebelles. - M\u00e9lissa Pont\u00e9ry","description":"Dans La Nuit italienne, Nicole Fabre s\u2019immisce au c\u0153ur d\u2019un peuple fascin\u00e9 par son dictateur. L\u2019histoire du fascisme s\u2019\u00e9crit \u00e0 travers les yeux de Guilia.","robots":{"index":"index","follow":"follow","max-snippet":"max-snippet:-1","max-image-preview":"max-image-preview:large","max-video-preview":"max-video-preview:-1"},"canonical":"https:\/\/melissapontery.fr\/index.php\/2021\/12\/08\/la-nuit-italienne-une-porte-ouverte-aux\/","og_locale":"fr_FR","og_type":"article","og_title":"La Nuit italienne, une porte ouverte aux \u00e2mes rebelles. - M\u00e9lissa Pont\u00e9ry","og_description":"Dans La Nuit italienne, Nicole Fabre s\u2019immisce au c\u0153ur d\u2019un peuple fascin\u00e9 par son dictateur. L\u2019histoire du fascisme s\u2019\u00e9crit \u00e0 travers les yeux de Guilia.","og_url":"https:\/\/melissapontery.fr\/index.php\/2021\/12\/08\/la-nuit-italienne-une-porte-ouverte-aux\/","og_site_name":"M\u00e9lissa Pont\u00e9ry","article_published_time":"2021-12-08T11:37:00+00:00","article_modified_time":"2022-03-06T16:56:13+00:00","og_image":[{"width":800,"height":500,"url":"https:\/\/melissapontery.fr\/wp-content\/uploads\/2021\/12\/Chronique-litteraire-La-Nuit-italienne-par-Mallys-Books-Melissa-Pontery_800x500.png","type":"image\/png"}],"author":"M\u00e9lissa Pont\u00e9ry","twitter_card":"summary_large_image","twitter_misc":{"\u00c9crit par":"M\u00e9lissa Pont\u00e9ry","Dur\u00e9e de lecture estim\u00e9e":"4 minutes"},"schema":{"@context":"https:\/\/schema.org","@graph":[{"@type":"Article","@id":"https:\/\/melissapontery.fr\/index.php\/2021\/12\/08\/la-nuit-italienne-une-porte-ouverte-aux\/#article","isPartOf":{"@id":"https:\/\/melissapontery.fr\/index.php\/2021\/12\/08\/la-nuit-italienne-une-porte-ouverte-aux\/"},"author":{"name":"M\u00e9lissa Pont\u00e9ry","@id":"https:\/\/melissapontery.fr\/#\/schema\/person\/879d99a7ed8522fc4c9aba2d2e3b615c"},"headline":"La Nuit italienne, une porte ouverte aux \u00e2mes rebelles.","datePublished":"2021-12-08T11:37:00+00:00","dateModified":"2022-03-06T16:56:13+00:00","mainEntityOfPage":{"@id":"https:\/\/melissapontery.fr\/index.php\/2021\/12\/08\/la-nuit-italienne-une-porte-ouverte-aux\/"},"wordCount":738,"commentCount":0,"publisher":{"@id":"https:\/\/melissapontery.fr\/#\/schema\/person\/879d99a7ed8522fc4c9aba2d2e3b615c"},"image":{"@id":"https:\/\/melissapontery.fr\/index.php\/2021\/12\/08\/la-nuit-italienne-une-porte-ouverte-aux\/#primaryimage"},"thumbnailUrl":"https:\/\/melissapontery.fr\/wp-content\/uploads\/2021\/12\/Chronique-litteraire-La-Nuit-italienne-par-Mallys-Books-Melissa-Pontery_800x500.png","keywords":["Amour","Conviction","Fascisme","F\u00e9minisme","H\u00e9ro\u00efne","Passion","R\u00e9cit historique","R\u00e9sistance","Seconde Guerre Mondiale"],"articleSection":["Chroniques de livres","Roman"],"inLanguage":"fr-FR","potentialAction":[{"@type":"CommentAction","name":"Comment","target":["https:\/\/melissapontery.fr\/index.php\/2021\/12\/08\/la-nuit-italienne-une-porte-ouverte-aux\/#respond"]}]},{"@type":"WebPage","@id":"https:\/\/melissapontery.fr\/index.php\/2021\/12\/08\/la-nuit-italienne-une-porte-ouverte-aux\/","url":"https:\/\/melissapontery.fr\/index.php\/2021\/12\/08\/la-nuit-italienne-une-porte-ouverte-aux\/","name":"La Nuit italienne, une porte ouverte aux \u00e2mes rebelles. - M\u00e9lissa Pont\u00e9ry","isPartOf":{"@id":"https:\/\/melissapontery.fr\/#website"},"primaryImageOfPage":{"@id":"https:\/\/melissapontery.fr\/index.php\/2021\/12\/08\/la-nuit-italienne-une-porte-ouverte-aux\/#primaryimage"},"image":{"@id":"https:\/\/melissapontery.fr\/index.php\/2021\/12\/08\/la-nuit-italienne-une-porte-ouverte-aux\/#primaryimage"},"thumbnailUrl":"https:\/\/melissapontery.fr\/wp-content\/uploads\/2021\/12\/Chronique-litteraire-La-Nuit-italienne-par-Mallys-Books-Melissa-Pontery_800x500.png","datePublished":"2021-12-08T11:37:00+00:00","dateModified":"2022-03-06T16:56:13+00:00","description":"Dans La Nuit italienne, Nicole Fabre s\u2019immisce au c\u0153ur d\u2019un peuple fascin\u00e9 par son dictateur. L\u2019histoire du fascisme s\u2019\u00e9crit \u00e0 travers les yeux de Guilia.","breadcrumb":{"@id":"https:\/\/melissapontery.fr\/index.php\/2021\/12\/08\/la-nuit-italienne-une-porte-ouverte-aux\/#breadcrumb"},"inLanguage":"fr-FR","potentialAction":[{"@type":"ReadAction","target":["https:\/\/melissapontery.fr\/index.php\/2021\/12\/08\/la-nuit-italienne-une-porte-ouverte-aux\/"]}]},{"@type":"ImageObject","inLanguage":"fr-FR","@id":"https:\/\/melissapontery.fr\/index.php\/2021\/12\/08\/la-nuit-italienne-une-porte-ouverte-aux\/#primaryimage","url":"https:\/\/melissapontery.fr\/wp-content\/uploads\/2021\/12\/Chronique-litteraire-La-Nuit-italienne-par-Mallys-Books-Melissa-Pontery_800x500.png","contentUrl":"https:\/\/melissapontery.fr\/wp-content\/uploads\/2021\/12\/Chronique-litteraire-La-Nuit-italienne-par-Mallys-Books-Melissa-Pontery_800x500.png","width":800,"height":500,"caption":"Chronique litt\u00e9raire La Nuit italienne par Mally's Books - M\u00e9lissa Pont\u00e9ry"},{"@type":"BreadcrumbList","@id":"https:\/\/melissapontery.fr\/index.php\/2021\/12\/08\/la-nuit-italienne-une-porte-ouverte-aux\/#breadcrumb","itemListElement":[{"@type":"ListItem","position":1,"name":"Accueil","item":"https:\/\/melissapontery.fr\/"},{"@type":"ListItem","position":2,"name":"Chroniques de livres","item":"https:\/\/melissapontery.fr\/index.php\/category\/chroniques-de-livres\/"},{"@type":"ListItem","position":3,"name":"Roman","item":"https:\/\/melissapontery.fr\/index.php\/category\/chroniques-de-livres\/roman\/"},{"@type":"ListItem","position":4,"name":"La Nuit italienne, une porte ouverte aux \u00e2mes rebelles."}]},{"@type":"WebSite","@id":"https:\/\/melissapontery.fr\/#website","url":"https:\/\/melissapontery.fr\/","name":"M\u00e9lissa Pont\u00e9ry","description":"Autrice, R\u00e9dactrice et Lectrice","publisher":{"@id":"https:\/\/melissapontery.fr\/#\/schema\/person\/879d99a7ed8522fc4c9aba2d2e3b615c"},"potentialAction":[{"@type":"SearchAction","target":{"@type":"EntryPoint","urlTemplate":"https:\/\/melissapontery.fr\/?s={search_term_string}"},"query-input":{"@type":"PropertyValueSpecification","valueRequired":true,"valueName":"search_term_string"}}],"inLanguage":"fr-FR"},{"@type":["Person","Organization"],"@id":"https:\/\/melissapontery.fr\/#\/schema\/person\/879d99a7ed8522fc4c9aba2d2e3b615c","name":"M\u00e9lissa Pont\u00e9ry","image":{"@type":"ImageObject","inLanguage":"fr-FR","@id":"http:\/\/iksscaz.cluster031.hosting.ovh.net\/wp-content\/uploads\/2022\/02\/A-propos-5.png","url":"http:\/\/iksscaz.cluster031.hosting.ovh.net\/wp-content\/uploads\/2022\/02\/A-propos-5.png","contentUrl":"http:\/\/iksscaz.cluster031.hosting.ovh.net\/wp-content\/uploads\/2022\/02\/A-propos-5.png","width":550,"height":550,"caption":"M\u00e9lissa Pont\u00e9ry"},"logo":{"@id":"http:\/\/iksscaz.cluster031.hosting.ovh.net\/wp-content\/uploads\/2022\/02\/A-propos-5.png"},"sameAs":["https:\/\/www.melissapontery.fr","@melissa.pontery.auteure"],"url":"https:\/\/melissapontery.fr\/index.php\/author\/admin3115\/"}]}},"_links":{"self":[{"href":"https:\/\/melissapontery.fr\/index.php\/wp-json\/wp\/v2\/posts\/533","targetHints":{"allow":["GET"]}}],"collection":[{"href":"https:\/\/melissapontery.fr\/index.php\/wp-json\/wp\/v2\/posts"}],"about":[{"href":"https:\/\/melissapontery.fr\/index.php\/wp-json\/wp\/v2\/types\/post"}],"author":[{"embeddable":true,"href":"https:\/\/melissapontery.fr\/index.php\/wp-json\/wp\/v2\/users\/1"}],"replies":[{"embeddable":true,"href":"https:\/\/melissapontery.fr\/index.php\/wp-json\/wp\/v2\/comments?post=533"}],"version-history":[{"count":0,"href":"https:\/\/melissapontery.fr\/index.php\/wp-json\/wp\/v2\/posts\/533\/revisions"}],"wp:featuredmedia":[{"embeddable":true,"href":"https:\/\/melissapontery.fr\/index.php\/wp-json\/wp\/v2\/media\/1260"}],"wp:attachment":[{"href":"https:\/\/melissapontery.fr\/index.php\/wp-json\/wp\/v2\/media?parent=533"}],"wp:term":[{"taxonomy":"category","embeddable":true,"href":"https:\/\/melissapontery.fr\/index.php\/wp-json\/wp\/v2\/categories?post=533"},{"taxonomy":"post_tag","embeddable":true,"href":"https:\/\/melissapontery.fr\/index.php\/wp-json\/wp\/v2\/tags?post=533"}],"curies":[{"name":"wp","href":"https:\/\/api.w.org\/{rel}","templated":true}]}}