{"id":2335,"date":"2025-08-22T14:14:59","date_gmt":"2025-08-22T12:14:59","guid":{"rendered":"https:\/\/melissapontery.fr\/?p=2335"},"modified":"2025-08-27T14:15:52","modified_gmt":"2025-08-27T12:15:52","slug":"tradition-orale","status":"publish","type":"post","link":"https:\/\/melissapontery.fr\/index.php\/2025\/08\/22\/tradition-orale\/","title":{"rendered":"La tradition orale : la m\u00e9moire vivante des peuples"},"content":{"rendered":"\n<p class=\"has-medium-font-size\">Avant l\u2019\u00e9criture, avant les livres, il n\u2019y avait que la parole. Autour du feu, dans les villages, au c\u0153ur des temples, les histoires circulaient de bouche \u00e0 oreille. Elles parlaient des dieux et des anc\u00eatres, des h\u00e9ros et des l\u00e9gendes, mais aussi des r\u00e8gles de vie, des peurs et des espoirs d\u2019une communaut\u00e9.<\/p>\n\n\n\n<p class=\"has-medium-font-size\">La tradition orale est la premi\u00e8re grande forme de transmission collective, pleinement vivant encore aujourd&rsquo;hui.<\/p>\n\n\n\n<h2 class=\"wp-block-heading\" style=\"font-style:normal;font-weight:300;text-transform:uppercase\"><mark style=\"background-color:rgba(0, 0, 0, 0);color:#ce846e\" class=\"has-inline-color\">Qu\u2019est-ce que la tradition orale ?<\/mark><\/h2>\n\n\n\n<p>La tradition orale d\u00e9signe l\u2019ensemble des r\u00e9cits, savoirs et croyances transmis par la parole, de g\u00e9n\u00e9ration en g\u00e9n\u00e9ration.<\/p>\n\n\n\n<p>Elle prend des formes multiples :<\/p>\n\n\n\n<ul class=\"wp-block-list\">\n<li>les <strong>mythes fondateurs<\/strong> qui expliquent l\u2019origine du monde,<\/li>\n\n\n\n<li>les <strong>contes et l\u00e9gendes<\/strong> qui enseignent des valeurs,<\/li>\n\n\n\n<li>les <strong>\u00e9pop\u00e9es et chants<\/strong> qui c\u00e9l\u00e8brent les h\u00e9ros,<\/li>\n\n\n\n<li>les <strong>proverbes<\/strong> qui condensent la sagesse populaire.<\/li>\n<\/ul>\n\n\n\n<p>Bien plus qu\u2019un simple divertissement, elle \u00e9tait un v\u00e9ritable vecteur de m\u00e9moire et d\u2019identit\u00e9.<\/p>\n\n\n\n<h2 class=\"wp-block-heading\" style=\"font-style:normal;font-weight:300;text-transform:uppercase\"><mark style=\"background-color:rgba(0, 0, 0, 0);color:#ce846e\" class=\"has-inline-color\">Pourquoi \u00e9tait-elle essentielle ?<\/mark><\/h2>\n\n\n\n<p>Dans des soci\u00e9t\u00e9s sans \u00e9criture, la parole \u00e9tait la seule archive.<\/p>\n\n\n\n<ul class=\"wp-block-list\">\n<li>Elle <strong>\u00e9duquait<\/strong> : transmettre l\u2019histoire d\u2019un peuple, ses coutumes, ses r\u00e8gles.<\/li>\n\n\n\n<li>Elle <strong>renfor\u00e7ait la coh\u00e9sion<\/strong> : en partageant les m\u00eames r\u00e9cits, on se sentait membre d\u2019une m\u00eame communaut\u00e9.<\/li>\n\n\n\n<li>Elle <strong>portait la spiritualit\u00e9<\/strong> : pri\u00e8res, rites, chants sacr\u00e9s.<\/li>\n\n\n\n<li>Elle <strong>divertissait<\/strong> aussi : \u00e9couter un conte au coin du feu \u00e9tait une exp\u00e9rience tant sociale qu\u2019\u00e9motionnelle.<\/li>\n<\/ul>\n\n\n\n<p>Chaque r\u00e9cit jouait un r\u00f4le : apprendre, unir, inspirer, \u00e9mouvoir.<\/p>\n\n\n\n<h2 class=\"wp-block-heading\" style=\"font-style:normal;font-weight:300;text-transform:uppercase\"><mark style=\"background-color:rgba(0, 0, 0, 0);color:#ce846e\" class=\"has-inline-color\">Les figures de la tradition orale<\/mark><\/h2>\n\n\n\n<p>Chaque culture a eu ses passeurs de m\u00e9moire :<\/p>\n\n\n\n<ul class=\"wp-block-list\">\n<li>les <strong>griots<\/strong> d\u2019Afrique de l\u2019Ouest, gardiens de l\u2019histoire et de la g\u00e9n\u00e9alogie des familles ;<\/li>\n\n\n\n<li>les <strong>a\u00e8des<\/strong> de la Gr\u00e8ce antique, qui chantaient les exploits d\u2019Achille ou d\u2019Ulysse ;<\/li>\n\n\n\n<li>les <strong>bardes<\/strong> celtiques, po\u00e8tes-musiciens transmettant r\u00e9cits et l\u00e9gendes ;<\/li>\n\n\n\n<li>les <strong>conteurs populaires<\/strong> partout dans le monde, de la Bretagne aux steppes mongoles.<\/li>\n<\/ul>\n\n\n\n<p>Leur r\u00f4le \u00e9tait vital : ils \u00e9taient la biblioth\u00e8que vivante d\u2019une civilisation.<\/p>\n\n\n\n<h2 class=\"wp-block-heading\" style=\"font-style:normal;font-weight:300;text-transform:uppercase\"><mark style=\"background-color:rgba(0, 0, 0, 0);color:#ce846e\" class=\"has-inline-color\">De la tradition orale au storytelling moderne<\/mark><\/h2>\n\n\n\n<p>Le storytelling d\u2019aujourd\u2019hui, que j&rsquo;\u00e9voquais dans <a href=\"http:\/\/n\u2019est finalement qu\u2019un h\u00e9ritier moderne de cette tradition.\">un pr\u00e9c\u00e9dent article<\/a>, n\u2019est finalement qu\u2019un h\u00e9ritier moderne de cette tradition. On le retrouve dans le marketing, l\u2019art ou le leadership, mais pas seulement, car les mythes fondateurs n&rsquo;ont pas pris une ride et se transmettent encore et encore.<\/p>\n\n\n\n<p>Ce qui reste ? L\u2019\u00e9motion, la m\u00e9moire, l\u2019art de transmettre un message en touchant le c\u0153ur.<\/p>\n\n\n\n<p>Ce qui change ? Les supports.<\/p>\n\n\n\n<p>Un podcast qui nous captive, un slam qui nous bouleverse, un discours qui nous inspire\u2026 Tout cela est une forme d\u2019oralit\u00e9 moderne, qui prolonge cette lign\u00e9e mill\u00e9naire.<\/p>\n\n\n\n<h2 class=\"wp-block-heading\" style=\"font-style:normal;font-weight:300;text-transform:uppercase\"><mark style=\"background-color:rgba(0, 0, 0, 0);color:#ce846e\" class=\"has-inline-color\">La tradition orale : une m\u00e9moire vivante<\/mark><\/h2>\n\n\n\n<p>La tradition orale n\u2019est pas un vestige oubli\u00e9 du pass\u00e9 : elle vit encore \u00e0 travers nos r\u00e9cits, nos voix, nos \u00e9changes.<\/p>\n\n\n\n<p>Et si, malgr\u00e9 nos livres et nos \u00e9crans, nous \u00e9tions encore, au fond, les h\u00e9ritiers de ces conteurs qui, il y a des mill\u00e9naires, rassemblaient d\u00e9j\u00e0 les communaut\u00e9s autour du feu ?<\/p>\n\n\n<div class=\"wp-block-image\">\n<figure class=\"aligncenter size-large is-resized\"><img loading=\"lazy\" decoding=\"async\" width=\"819\" height=\"1024\" src=\"https:\/\/melissapontery.fr\/wp-content\/uploads\/2025\/08\/2-819x1024.png\" alt=\"\" class=\"wp-image-2340\" style=\"aspect-ratio:3\/4;object-fit:cover;width:500px\" srcset=\"https:\/\/melissapontery.fr\/wp-content\/uploads\/2025\/08\/2-819x1024.png 819w, https:\/\/melissapontery.fr\/wp-content\/uploads\/2025\/08\/2-240x300.png 240w, https:\/\/melissapontery.fr\/wp-content\/uploads\/2025\/08\/2-768x960.png 768w, https:\/\/melissapontery.fr\/wp-content\/uploads\/2025\/08\/2-48x60.png 48w, https:\/\/melissapontery.fr\/wp-content\/uploads\/2025\/08\/2-600x750.png 600w, https:\/\/melissapontery.fr\/wp-content\/uploads\/2025\/08\/2.png 1080w\" sizes=\"auto, (max-width: 819px) 100vw, 819px\" \/><\/figure>\n<\/div>","protected":false},"excerpt":{"rendered":"<p>Avant l\u2019\u00e9criture, avant les livres, il n\u2019y avait que la parole. Autour du feu, dans les villages, au c\u0153ur des temples, les histoires circulaient de bouche \u00e0 oreille. Elles parlaient des dieux et des anc\u00eatres, &hellip; <\/p>\n","protected":false},"author":1,"featured_media":2338,"comment_status":"open","ping_status":"closed","sticky":false,"template":"","format":"standard","meta":{"footnotes":""},"categories":[8],"tags":[262],"class_list":["post-2335","post","type-post","status-publish","format-standard","has-post-thumbnail","hentry","category-opinions","tag-tradition-orale","latest_post"],"yoast_head":"<!-- This site is optimized with the Yoast SEO plugin v27.4 - https:\/\/yoast.com\/product\/yoast-seo-wordpress\/ -->\n<title>La tradition orale : la m\u00e9moire vivante des peuples - M\u00e9lissa Pont\u00e9ry<\/title>\n<meta name=\"description\" content=\"La tradition orale est la premi\u00e8re grande forme de transmission collective, pleinement vivant encore aujourd&#039;hui.\" \/>\n<meta name=\"robots\" content=\"index, follow, max-snippet:-1, max-image-preview:large, max-video-preview:-1\" \/>\n<link rel=\"canonical\" href=\"https:\/\/melissapontery.fr\/index.php\/2025\/08\/22\/tradition-orale\/\" \/>\n<meta property=\"og:locale\" content=\"fr_FR\" \/>\n<meta property=\"og:type\" content=\"article\" \/>\n<meta property=\"og:title\" content=\"La tradition orale : la m\u00e9moire vivante des peuples - M\u00e9lissa Pont\u00e9ry\" \/>\n<meta property=\"og:description\" content=\"La tradition orale est la premi\u00e8re grande forme de transmission collective, pleinement vivant encore aujourd&#039;hui.\" \/>\n<meta property=\"og:url\" content=\"https:\/\/melissapontery.fr\/index.php\/2025\/08\/22\/tradition-orale\/\" \/>\n<meta property=\"og:site_name\" content=\"M\u00e9lissa Pont\u00e9ry\" \/>\n<meta property=\"article:published_time\" content=\"2025-08-22T12:14:59+00:00\" \/>\n<meta property=\"article:modified_time\" content=\"2025-08-27T12:15:52+00:00\" \/>\n<meta property=\"og:image\" content=\"https:\/\/melissapontery.fr\/wp-content\/uploads\/2025\/08\/Post-blog-800-x-500-px.png\" \/>\n\t<meta property=\"og:image:width\" content=\"800\" \/>\n\t<meta property=\"og:image:height\" content=\"500\" \/>\n\t<meta property=\"og:image:type\" content=\"image\/png\" \/>\n<meta name=\"author\" content=\"M\u00e9lissa Pont\u00e9ry\" \/>\n<meta name=\"twitter:card\" content=\"summary_large_image\" \/>\n<meta name=\"twitter:label1\" content=\"\u00c9crit par\" \/>\n\t<meta name=\"twitter:data1\" content=\"M\u00e9lissa Pont\u00e9ry\" \/>\n\t<meta name=\"twitter:label2\" content=\"Dur\u00e9e de lecture estim\u00e9e\" \/>\n\t<meta name=\"twitter:data2\" content=\"3 minutes\" \/>\n<script type=\"application\/ld+json\" class=\"yoast-schema-graph\">{\"@context\":\"https:\\\/\\\/schema.org\",\"@graph\":[{\"@type\":\"Article\",\"@id\":\"https:\\\/\\\/melissapontery.fr\\\/index.php\\\/2025\\\/08\\\/22\\\/tradition-orale\\\/#article\",\"isPartOf\":{\"@id\":\"https:\\\/\\\/melissapontery.fr\\\/index.php\\\/2025\\\/08\\\/22\\\/tradition-orale\\\/\"},\"author\":{\"name\":\"M\u00e9lissa Pont\u00e9ry\",\"@id\":\"https:\\\/\\\/melissapontery.fr\\\/#\\\/schema\\\/person\\\/879d99a7ed8522fc4c9aba2d2e3b615c\"},\"headline\":\"La tradition orale : la m\u00e9moire vivante des peuples\",\"datePublished\":\"2025-08-22T12:14:59+00:00\",\"dateModified\":\"2025-08-27T12:15:52+00:00\",\"mainEntityOfPage\":{\"@id\":\"https:\\\/\\\/melissapontery.fr\\\/index.php\\\/2025\\\/08\\\/22\\\/tradition-orale\\\/\"},\"wordCount\":536,\"commentCount\":0,\"publisher\":{\"@id\":\"https:\\\/\\\/melissapontery.fr\\\/#\\\/schema\\\/person\\\/879d99a7ed8522fc4c9aba2d2e3b615c\"},\"image\":{\"@id\":\"https:\\\/\\\/melissapontery.fr\\\/index.php\\\/2025\\\/08\\\/22\\\/tradition-orale\\\/#primaryimage\"},\"thumbnailUrl\":\"https:\\\/\\\/melissapontery.fr\\\/wp-content\\\/uploads\\\/2025\\\/08\\\/Post-blog-800-x-500-px.png\",\"keywords\":[\"tradition orale\"],\"articleSection\":[\"Opinions\"],\"inLanguage\":\"fr-FR\",\"potentialAction\":[{\"@type\":\"CommentAction\",\"name\":\"Comment\",\"target\":[\"https:\\\/\\\/melissapontery.fr\\\/index.php\\\/2025\\\/08\\\/22\\\/tradition-orale\\\/#respond\"]}]},{\"@type\":\"WebPage\",\"@id\":\"https:\\\/\\\/melissapontery.fr\\\/index.php\\\/2025\\\/08\\\/22\\\/tradition-orale\\\/\",\"url\":\"https:\\\/\\\/melissapontery.fr\\\/index.php\\\/2025\\\/08\\\/22\\\/tradition-orale\\\/\",\"name\":\"La tradition orale : la m\u00e9moire vivante des peuples - M\u00e9lissa Pont\u00e9ry\",\"isPartOf\":{\"@id\":\"https:\\\/\\\/melissapontery.fr\\\/#website\"},\"primaryImageOfPage\":{\"@id\":\"https:\\\/\\\/melissapontery.fr\\\/index.php\\\/2025\\\/08\\\/22\\\/tradition-orale\\\/#primaryimage\"},\"image\":{\"@id\":\"https:\\\/\\\/melissapontery.fr\\\/index.php\\\/2025\\\/08\\\/22\\\/tradition-orale\\\/#primaryimage\"},\"thumbnailUrl\":\"https:\\\/\\\/melissapontery.fr\\\/wp-content\\\/uploads\\\/2025\\\/08\\\/Post-blog-800-x-500-px.png\",\"datePublished\":\"2025-08-22T12:14:59+00:00\",\"dateModified\":\"2025-08-27T12:15:52+00:00\",\"description\":\"La tradition orale est la premi\u00e8re grande forme de transmission collective, pleinement vivant encore aujourd'hui.\",\"breadcrumb\":{\"@id\":\"https:\\\/\\\/melissapontery.fr\\\/index.php\\\/2025\\\/08\\\/22\\\/tradition-orale\\\/#breadcrumb\"},\"inLanguage\":\"fr-FR\",\"potentialAction\":[{\"@type\":\"ReadAction\",\"target\":[\"https:\\\/\\\/melissapontery.fr\\\/index.php\\\/2025\\\/08\\\/22\\\/tradition-orale\\\/\"]}]},{\"@type\":\"ImageObject\",\"inLanguage\":\"fr-FR\",\"@id\":\"https:\\\/\\\/melissapontery.fr\\\/index.php\\\/2025\\\/08\\\/22\\\/tradition-orale\\\/#primaryimage\",\"url\":\"https:\\\/\\\/melissapontery.fr\\\/wp-content\\\/uploads\\\/2025\\\/08\\\/Post-blog-800-x-500-px.png\",\"contentUrl\":\"https:\\\/\\\/melissapontery.fr\\\/wp-content\\\/uploads\\\/2025\\\/08\\\/Post-blog-800-x-500-px.png\",\"width\":800,\"height\":500},{\"@type\":\"BreadcrumbList\",\"@id\":\"https:\\\/\\\/melissapontery.fr\\\/index.php\\\/2025\\\/08\\\/22\\\/tradition-orale\\\/#breadcrumb\",\"itemListElement\":[{\"@type\":\"ListItem\",\"position\":1,\"name\":\"Accueil\",\"item\":\"https:\\\/\\\/melissapontery.fr\\\/\"},{\"@type\":\"ListItem\",\"position\":2,\"name\":\"Opinions\",\"item\":\"https:\\\/\\\/melissapontery.fr\\\/index.php\\\/category\\\/opinions\\\/\"},{\"@type\":\"ListItem\",\"position\":3,\"name\":\"La tradition orale : la m\u00e9moire vivante des peuples\"}]},{\"@type\":\"WebSite\",\"@id\":\"https:\\\/\\\/melissapontery.fr\\\/#website\",\"url\":\"https:\\\/\\\/melissapontery.fr\\\/\",\"name\":\"M\u00e9lissa Pont\u00e9ry\",\"description\":\"Autrice, R\u00e9dactrice et Lectrice\",\"publisher\":{\"@id\":\"https:\\\/\\\/melissapontery.fr\\\/#\\\/schema\\\/person\\\/879d99a7ed8522fc4c9aba2d2e3b615c\"},\"potentialAction\":[{\"@type\":\"SearchAction\",\"target\":{\"@type\":\"EntryPoint\",\"urlTemplate\":\"https:\\\/\\\/melissapontery.fr\\\/?s={search_term_string}\"},\"query-input\":{\"@type\":\"PropertyValueSpecification\",\"valueRequired\":true,\"valueName\":\"search_term_string\"}}],\"inLanguage\":\"fr-FR\"},{\"@type\":[\"Person\",\"Organization\"],\"@id\":\"https:\\\/\\\/melissapontery.fr\\\/#\\\/schema\\\/person\\\/879d99a7ed8522fc4c9aba2d2e3b615c\",\"name\":\"M\u00e9lissa Pont\u00e9ry\",\"image\":{\"@type\":\"ImageObject\",\"inLanguage\":\"fr-FR\",\"@id\":\"http:\\\/\\\/iksscaz.cluster031.hosting.ovh.net\\\/wp-content\\\/uploads\\\/2022\\\/02\\\/A-propos-5.png\",\"url\":\"http:\\\/\\\/iksscaz.cluster031.hosting.ovh.net\\\/wp-content\\\/uploads\\\/2022\\\/02\\\/A-propos-5.png\",\"contentUrl\":\"http:\\\/\\\/iksscaz.cluster031.hosting.ovh.net\\\/wp-content\\\/uploads\\\/2022\\\/02\\\/A-propos-5.png\",\"width\":550,\"height\":550,\"caption\":\"M\u00e9lissa Pont\u00e9ry\"},\"logo\":{\"@id\":\"http:\\\/\\\/iksscaz.cluster031.hosting.ovh.net\\\/wp-content\\\/uploads\\\/2022\\\/02\\\/A-propos-5.png\"},\"sameAs\":[\"https:\\\/\\\/www.melissapontery.fr\",\"@melissa.pontery.auteure\"],\"url\":\"https:\\\/\\\/melissapontery.fr\\\/index.php\\\/author\\\/admin3115\\\/\"}]}<\/script>\n<!-- \/ Yoast SEO plugin. -->","yoast_head_json":{"title":"La tradition orale : la m\u00e9moire vivante des peuples - M\u00e9lissa Pont\u00e9ry","description":"La tradition orale est la premi\u00e8re grande forme de transmission collective, pleinement vivant encore aujourd'hui.","robots":{"index":"index","follow":"follow","max-snippet":"max-snippet:-1","max-image-preview":"max-image-preview:large","max-video-preview":"max-video-preview:-1"},"canonical":"https:\/\/melissapontery.fr\/index.php\/2025\/08\/22\/tradition-orale\/","og_locale":"fr_FR","og_type":"article","og_title":"La tradition orale : la m\u00e9moire vivante des peuples - M\u00e9lissa Pont\u00e9ry","og_description":"La tradition orale est la premi\u00e8re grande forme de transmission collective, pleinement vivant encore aujourd'hui.","og_url":"https:\/\/melissapontery.fr\/index.php\/2025\/08\/22\/tradition-orale\/","og_site_name":"M\u00e9lissa Pont\u00e9ry","article_published_time":"2025-08-22T12:14:59+00:00","article_modified_time":"2025-08-27T12:15:52+00:00","og_image":[{"width":800,"height":500,"url":"https:\/\/melissapontery.fr\/wp-content\/uploads\/2025\/08\/Post-blog-800-x-500-px.png","type":"image\/png"}],"author":"M\u00e9lissa Pont\u00e9ry","twitter_card":"summary_large_image","twitter_misc":{"\u00c9crit par":"M\u00e9lissa Pont\u00e9ry","Dur\u00e9e de lecture estim\u00e9e":"3 minutes"},"schema":{"@context":"https:\/\/schema.org","@graph":[{"@type":"Article","@id":"https:\/\/melissapontery.fr\/index.php\/2025\/08\/22\/tradition-orale\/#article","isPartOf":{"@id":"https:\/\/melissapontery.fr\/index.php\/2025\/08\/22\/tradition-orale\/"},"author":{"name":"M\u00e9lissa Pont\u00e9ry","@id":"https:\/\/melissapontery.fr\/#\/schema\/person\/879d99a7ed8522fc4c9aba2d2e3b615c"},"headline":"La tradition orale : la m\u00e9moire vivante des peuples","datePublished":"2025-08-22T12:14:59+00:00","dateModified":"2025-08-27T12:15:52+00:00","mainEntityOfPage":{"@id":"https:\/\/melissapontery.fr\/index.php\/2025\/08\/22\/tradition-orale\/"},"wordCount":536,"commentCount":0,"publisher":{"@id":"https:\/\/melissapontery.fr\/#\/schema\/person\/879d99a7ed8522fc4c9aba2d2e3b615c"},"image":{"@id":"https:\/\/melissapontery.fr\/index.php\/2025\/08\/22\/tradition-orale\/#primaryimage"},"thumbnailUrl":"https:\/\/melissapontery.fr\/wp-content\/uploads\/2025\/08\/Post-blog-800-x-500-px.png","keywords":["tradition orale"],"articleSection":["Opinions"],"inLanguage":"fr-FR","potentialAction":[{"@type":"CommentAction","name":"Comment","target":["https:\/\/melissapontery.fr\/index.php\/2025\/08\/22\/tradition-orale\/#respond"]}]},{"@type":"WebPage","@id":"https:\/\/melissapontery.fr\/index.php\/2025\/08\/22\/tradition-orale\/","url":"https:\/\/melissapontery.fr\/index.php\/2025\/08\/22\/tradition-orale\/","name":"La tradition orale : la m\u00e9moire vivante des peuples - M\u00e9lissa Pont\u00e9ry","isPartOf":{"@id":"https:\/\/melissapontery.fr\/#website"},"primaryImageOfPage":{"@id":"https:\/\/melissapontery.fr\/index.php\/2025\/08\/22\/tradition-orale\/#primaryimage"},"image":{"@id":"https:\/\/melissapontery.fr\/index.php\/2025\/08\/22\/tradition-orale\/#primaryimage"},"thumbnailUrl":"https:\/\/melissapontery.fr\/wp-content\/uploads\/2025\/08\/Post-blog-800-x-500-px.png","datePublished":"2025-08-22T12:14:59+00:00","dateModified":"2025-08-27T12:15:52+00:00","description":"La tradition orale est la premi\u00e8re grande forme de transmission collective, pleinement vivant encore aujourd'hui.","breadcrumb":{"@id":"https:\/\/melissapontery.fr\/index.php\/2025\/08\/22\/tradition-orale\/#breadcrumb"},"inLanguage":"fr-FR","potentialAction":[{"@type":"ReadAction","target":["https:\/\/melissapontery.fr\/index.php\/2025\/08\/22\/tradition-orale\/"]}]},{"@type":"ImageObject","inLanguage":"fr-FR","@id":"https:\/\/melissapontery.fr\/index.php\/2025\/08\/22\/tradition-orale\/#primaryimage","url":"https:\/\/melissapontery.fr\/wp-content\/uploads\/2025\/08\/Post-blog-800-x-500-px.png","contentUrl":"https:\/\/melissapontery.fr\/wp-content\/uploads\/2025\/08\/Post-blog-800-x-500-px.png","width":800,"height":500},{"@type":"BreadcrumbList","@id":"https:\/\/melissapontery.fr\/index.php\/2025\/08\/22\/tradition-orale\/#breadcrumb","itemListElement":[{"@type":"ListItem","position":1,"name":"Accueil","item":"https:\/\/melissapontery.fr\/"},{"@type":"ListItem","position":2,"name":"Opinions","item":"https:\/\/melissapontery.fr\/index.php\/category\/opinions\/"},{"@type":"ListItem","position":3,"name":"La tradition orale : la m\u00e9moire vivante des peuples"}]},{"@type":"WebSite","@id":"https:\/\/melissapontery.fr\/#website","url":"https:\/\/melissapontery.fr\/","name":"M\u00e9lissa Pont\u00e9ry","description":"Autrice, R\u00e9dactrice et Lectrice","publisher":{"@id":"https:\/\/melissapontery.fr\/#\/schema\/person\/879d99a7ed8522fc4c9aba2d2e3b615c"},"potentialAction":[{"@type":"SearchAction","target":{"@type":"EntryPoint","urlTemplate":"https:\/\/melissapontery.fr\/?s={search_term_string}"},"query-input":{"@type":"PropertyValueSpecification","valueRequired":true,"valueName":"search_term_string"}}],"inLanguage":"fr-FR"},{"@type":["Person","Organization"],"@id":"https:\/\/melissapontery.fr\/#\/schema\/person\/879d99a7ed8522fc4c9aba2d2e3b615c","name":"M\u00e9lissa Pont\u00e9ry","image":{"@type":"ImageObject","inLanguage":"fr-FR","@id":"http:\/\/iksscaz.cluster031.hosting.ovh.net\/wp-content\/uploads\/2022\/02\/A-propos-5.png","url":"http:\/\/iksscaz.cluster031.hosting.ovh.net\/wp-content\/uploads\/2022\/02\/A-propos-5.png","contentUrl":"http:\/\/iksscaz.cluster031.hosting.ovh.net\/wp-content\/uploads\/2022\/02\/A-propos-5.png","width":550,"height":550,"caption":"M\u00e9lissa Pont\u00e9ry"},"logo":{"@id":"http:\/\/iksscaz.cluster031.hosting.ovh.net\/wp-content\/uploads\/2022\/02\/A-propos-5.png"},"sameAs":["https:\/\/www.melissapontery.fr","@melissa.pontery.auteure"],"url":"https:\/\/melissapontery.fr\/index.php\/author\/admin3115\/"}]}},"_links":{"self":[{"href":"https:\/\/melissapontery.fr\/index.php\/wp-json\/wp\/v2\/posts\/2335","targetHints":{"allow":["GET"]}}],"collection":[{"href":"https:\/\/melissapontery.fr\/index.php\/wp-json\/wp\/v2\/posts"}],"about":[{"href":"https:\/\/melissapontery.fr\/index.php\/wp-json\/wp\/v2\/types\/post"}],"author":[{"embeddable":true,"href":"https:\/\/melissapontery.fr\/index.php\/wp-json\/wp\/v2\/users\/1"}],"replies":[{"embeddable":true,"href":"https:\/\/melissapontery.fr\/index.php\/wp-json\/wp\/v2\/comments?post=2335"}],"version-history":[{"count":4,"href":"https:\/\/melissapontery.fr\/index.php\/wp-json\/wp\/v2\/posts\/2335\/revisions"}],"predecessor-version":[{"id":2341,"href":"https:\/\/melissapontery.fr\/index.php\/wp-json\/wp\/v2\/posts\/2335\/revisions\/2341"}],"wp:featuredmedia":[{"embeddable":true,"href":"https:\/\/melissapontery.fr\/index.php\/wp-json\/wp\/v2\/media\/2338"}],"wp:attachment":[{"href":"https:\/\/melissapontery.fr\/index.php\/wp-json\/wp\/v2\/media?parent=2335"}],"wp:term":[{"taxonomy":"category","embeddable":true,"href":"https:\/\/melissapontery.fr\/index.php\/wp-json\/wp\/v2\/categories?post=2335"},{"taxonomy":"post_tag","embeddable":true,"href":"https:\/\/melissapontery.fr\/index.php\/wp-json\/wp\/v2\/tags?post=2335"}],"curies":[{"name":"wp","href":"https:\/\/api.w.org\/{rel}","templated":true}]}}