{"id":2330,"date":"2025-08-15T10:00:00","date_gmt":"2025-08-15T08:00:00","guid":{"rendered":"https:\/\/melissapontery.fr\/?p=2330"},"modified":"2026-03-11T16:19:05","modified_gmt":"2026-03-11T15:19:05","slug":"la-plage-de-la-mariee","status":"publish","type":"post","link":"https:\/\/melissapontery.fr\/index.php\/2025\/08\/15\/la-plage-de-la-mariee\/","title":{"rendered":"La Plage de la mari\u00e9e : une qu\u00eate d&rsquo;identit\u00e9 douce-am\u00e8re"},"content":{"rendered":"\n<p style=\"font-size:20px\">Dans <em>La Plage de la mari\u00e9e<\/em>, <a href=\"https:\/\/melissapontery.fr\/?s=clarisse+sabard\">Clarisse Sabard<\/a> nous transporte au c\u0153ur d\u2019une histoire familiale pleine de secrets, de paysages envo\u00fbtants et d\u2019\u00e9motions finement distill\u00e9es.<\/p>\n\n\n\n<p style=\"font-size:20px\">Une roman plein d&rsquo;humanit\u00e9 et une belle d\u00e9couverte des c\u00f4tes bretonnes.<\/p>\n\n\n\n<h2 class=\"wp-block-heading\" style=\"font-style:normal;font-weight:300;text-transform:uppercase\"><mark style=\"background-color:rgba(0, 0, 0, 0);color:#ce846e\" class=\"has-inline-color\">La quatri\u00e8me de couverture&#8230;<\/mark><\/h2>\n\n\n\n<p><em>Zo\u00e9, 30 ans, est en pleine dispute avec sa conseill\u00e8re P\u00f4le Emploi lorsque sa vie bascule. L&rsquo;h\u00f4pital l&rsquo;appelle, ses parents viennent d&rsquo;avoir un grave accident de moto. Son p\u00e8re est d\u00e9c\u00e9d\u00e9 sur le coup, sa m\u00e8re est trop gri\u00e8vement bless\u00e9e pour esp\u00e9rer survivre, mais encore assez lucide pour parler. Celle-ci va r\u00e9v\u00e9ler \u00e0 Zo\u00e9 qu&rsquo;elle lui a menti depuis toujours : l&rsquo;homme qui l&rsquo;a \u00e9lev\u00e9e n&rsquo;est pas son v\u00e9ritable p\u00e8re. Elle donne un seul indice \u00e0 sa fille pour retrouver son p\u00e8re biologique : \u00ab\u00a0La Plage de la mari\u00e9e\u00a0\u00bb. <\/em><\/p>\n\n\n\n<p><em>Zo\u00e9 va rester quatre mois dans le d\u00e9ni, puis finit par craquer et se d\u00e9cide \u00e0 partir \u00e0 la recherche de la v\u00e9rit\u00e9. Elle atterrit en Bretagne et se fait embaucher dans une \u00ab\u00a0cupcakerie\u00a0\u00bb tenue par une ancienne psychologue franco-am\u00e9ricaine, Alice. Dans ce salon de th\u00e9 \u00e0 l&rsquo;am\u00e9ricaine, plusieurs personnages se croisent et voient leurs destins se m\u00ealer<\/em>, t<em>andis que Zo\u00e9 part \u00e0 la recherche de son p\u00e8re et tente de comprendre pourquoi sa m\u00e8re lui a menti durant toutes ces ann\u00e9es. L&rsquo;arriv\u00e9e d&rsquo;un beau touriste pas comme les autres, Nicolas, va la perturber au plus haut point.<\/em><\/p>\n\n\n\n<h2 class=\"wp-block-heading\" style=\"font-style:normal;font-weight:300;text-transform:uppercase\"><mark style=\"background-color:rgba(0, 0, 0, 0);color:#ce846e\" class=\"has-inline-color\">Une l\u00e9gende, un drame, un secret&#8230;<\/mark><\/h2>\n\n\n\n<p>Il est des lieux qui semblent garder en eux l\u2019\u00e9cho des histoires pass\u00e9es. Dans <em>La Plage de la mari\u00e9e<\/em>, Clarisse Sabard nous entra\u00eene sur une c\u00f4te balay\u00e9e par le vent, l\u00e0 o\u00f9 plane la l\u00e9gende d\u2019une jeune femme disparue le jour de ses noces. Ce fil myst\u00e9rieux, tiss\u00e9 \u00e0 travers le temps, donne au roman une atmosph\u00e8re \u00e0 la fois romantique et m\u00e9lancolique qui m\u2019a totalement s\u00e9duite. Sa plume fluide, chaleureuse. L&rsquo;autrice a un un vrai talent pour faire vivre ses personnages comme s\u2019ils \u00e9taient nos proches.<\/p>\n\n\n\n<p>Le r\u00e9cit alterne entre pr\u00e9sent et pass\u00e9, ce qui entretient le suspense et donne envie de tourner les pages sans s\u2019arr\u00eater. Les personnages sont attachants, notamment Zo\u00e9e, l\u2019anti-h\u00e9ro\u00efne par excellence en qu\u00eate de son identit\u00e9 et qui se se construit peu \u00e0 peu une famille de coeur. J\u2019ai particuli\u00e8rement aim\u00e9 la mani\u00e8re dont la l\u00e9gende de la plage agit comme un miroir symbolique pour l\u2019h\u00e9ro\u00efne : une qu\u00eate de v\u00e9rit\u00e9, mais aussi de r\u00e9conciliation avec soi-m\u00eame.<\/p>\n\n\n\n<p>Les descriptions des lieux, entre bord de mer et atmosph\u00e8re de petite ville, sont si vivantes qu\u2019on s\u2019y croirait. On sent le sable, on entend le ressac.<\/p>\n\n\n\n<h2 class=\"wp-block-heading\" style=\"font-style:normal;font-weight:300;text-transform:uppercase\"><mark style=\"background-color:rgba(0, 0, 0, 0);color:#ce846e\" class=\"has-inline-color\">Pour r\u00e9sumer&#8230;<\/mark><\/h2>\n\n\n\n<p><em>La Plage de la mari\u00e9e<\/em> est une lecture douce-am\u00e8re, \u00e0 la fois r\u00e9confortante et \u00e9mouvante, id\u00e9ale pour qui aime les histoires de secrets de famille, de r\u00e9silience et de renaissance.<\/p>\n\n\n\n<p>Si certains rebondissements se devinent, et que quelques longueurs freinent le rythme, l\u2019ensemble reste captivant, teint\u00e9 de myst\u00e8re et d\u2019\u00e9motions, qui m\u2019a donn\u00e9 envie de retourner sur cette plage imaginaire, juste pour entendre le murmure des l\u00e9gendes.<\/p>\n\n\n\n<h2 class=\"wp-block-heading\" style=\"font-style:normal;font-weight:300;text-transform:uppercase\"><mark style=\"background-color:rgba(0, 0, 0, 0);color:#ce846e\" class=\"has-inline-color\">Ma note&#8230;<\/mark><\/h2>\n\n\n\n<p>16\/20<\/p>\n\n\n\n<p class=\"has-text-align-right\"><em>La Plage de la mari\u00e9e<\/em><br>Clarisse Sabard<br><a href=\"https:\/\/www.fnac.com\/a11052315\/Clarisse-Sabard-La-plage-de-la-mariee\">560 p, Charleston, 8,90 \u20ac<\/a><br><\/p>\n\n\n\n<p class=\"has-text-align-right\">De la m\u00eame autrice<br><em><a href=\"https:\/\/melissapontery.fr\/index.php\/2026\/03\/11\/les-lettres-de-rose-au-coeur-des-silences-qui-traversent-les-generations\/\">Les Lettres de Rose<\/a><\/em><\/p>\n","protected":false},"excerpt":{"rendered":"<p>Dans La Plage de la mari\u00e9e, Clarisse Sabard nous transporte au c\u0153ur d\u2019une histoire familiale pleine de secrets, de paysages envo\u00fbtants et d\u2019\u00e9motions finement distill\u00e9es. Une roman plein d&rsquo;humanit\u00e9 et une belle d\u00e9couverte des c\u00f4tes &hellip; <\/p>\n","protected":false},"author":1,"featured_media":2332,"comment_status":"open","ping_status":"closed","sticky":false,"template":"","format":"standard","meta":{"footnotes":""},"categories":[9,10],"tags":[260,119,261,133,130],"class_list":["post-2330","post","type-post","status-publish","format-standard","has-post-thumbnail","hentry","category-chroniques-de-livres","category-roman","tag-clarisse-sabard","tag-heroine","tag-identite","tag-resilience","tag-secrets-de-famille","latest_post"],"yoast_head":"<!-- This site is optimized with the Yoast SEO plugin v27.4 - https:\/\/yoast.com\/product\/yoast-seo-wordpress\/ -->\n<title>La Plage de la mari\u00e9e : une qu\u00eate d&#039;identit\u00e9 douce-am\u00e8re - M\u00e9lissa Pont\u00e9ry<\/title>\n<meta name=\"description\" content=\"Dans La Plage de la mari\u00e9e, Clarisse Sabard nous transporte au c\u0153ur d\u2019une histoire familiale pleine de secrets, de paysages envo\u00fbtants et d\u2019\u00e9motions finement distill\u00e9es.\" \/>\n<meta name=\"robots\" content=\"index, follow, max-snippet:-1, max-image-preview:large, max-video-preview:-1\" \/>\n<link rel=\"canonical\" href=\"https:\/\/melissapontery.fr\/index.php\/2025\/08\/15\/la-plage-de-la-mariee\/\" \/>\n<meta property=\"og:locale\" content=\"fr_FR\" \/>\n<meta property=\"og:type\" content=\"article\" \/>\n<meta property=\"og:title\" content=\"La Plage de la mari\u00e9e : une qu\u00eate d&#039;identit\u00e9 douce-am\u00e8re - M\u00e9lissa Pont\u00e9ry\" \/>\n<meta property=\"og:description\" content=\"Dans La Plage de la mari\u00e9e, Clarisse Sabard nous transporte au c\u0153ur d\u2019une histoire familiale pleine de secrets, de paysages envo\u00fbtants et d\u2019\u00e9motions finement distill\u00e9es.\" \/>\n<meta property=\"og:url\" content=\"https:\/\/melissapontery.fr\/index.php\/2025\/08\/15\/la-plage-de-la-mariee\/\" \/>\n<meta property=\"og:site_name\" content=\"M\u00e9lissa Pont\u00e9ry\" \/>\n<meta property=\"article:published_time\" content=\"2025-08-15T08:00:00+00:00\" \/>\n<meta property=\"article:modified_time\" content=\"2026-03-11T15:19:05+00:00\" \/>\n<meta property=\"og:image\" content=\"https:\/\/melissapontery.fr\/wp-content\/uploads\/2025\/08\/La-Plage-de-la-mariee.png\" \/>\n\t<meta property=\"og:image:width\" content=\"800\" \/>\n\t<meta property=\"og:image:height\" content=\"500\" \/>\n\t<meta property=\"og:image:type\" content=\"image\/png\" \/>\n<meta name=\"author\" content=\"M\u00e9lissa Pont\u00e9ry\" \/>\n<meta name=\"twitter:card\" content=\"summary_large_image\" \/>\n<meta name=\"twitter:label1\" content=\"\u00c9crit par\" \/>\n\t<meta name=\"twitter:data1\" content=\"M\u00e9lissa Pont\u00e9ry\" \/>\n\t<meta name=\"twitter:label2\" content=\"Dur\u00e9e de lecture estim\u00e9e\" \/>\n\t<meta name=\"twitter:data2\" content=\"3 minutes\" \/>\n<script type=\"application\/ld+json\" class=\"yoast-schema-graph\">{\"@context\":\"https:\\\/\\\/schema.org\",\"@graph\":[{\"@type\":\"Article\",\"@id\":\"https:\\\/\\\/melissapontery.fr\\\/index.php\\\/2025\\\/08\\\/15\\\/la-plage-de-la-mariee\\\/#article\",\"isPartOf\":{\"@id\":\"https:\\\/\\\/melissapontery.fr\\\/index.php\\\/2025\\\/08\\\/15\\\/la-plage-de-la-mariee\\\/\"},\"author\":{\"name\":\"M\u00e9lissa Pont\u00e9ry\",\"@id\":\"https:\\\/\\\/melissapontery.fr\\\/#\\\/schema\\\/person\\\/879d99a7ed8522fc4c9aba2d2e3b615c\"},\"headline\":\"La Plage de la mari\u00e9e : une qu\u00eate d&rsquo;identit\u00e9 douce-am\u00e8re\",\"datePublished\":\"2025-08-15T08:00:00+00:00\",\"dateModified\":\"2026-03-11T15:19:05+00:00\",\"mainEntityOfPage\":{\"@id\":\"https:\\\/\\\/melissapontery.fr\\\/index.php\\\/2025\\\/08\\\/15\\\/la-plage-de-la-mariee\\\/\"},\"wordCount\":609,\"commentCount\":0,\"publisher\":{\"@id\":\"https:\\\/\\\/melissapontery.fr\\\/#\\\/schema\\\/person\\\/879d99a7ed8522fc4c9aba2d2e3b615c\"},\"image\":{\"@id\":\"https:\\\/\\\/melissapontery.fr\\\/index.php\\\/2025\\\/08\\\/15\\\/la-plage-de-la-mariee\\\/#primaryimage\"},\"thumbnailUrl\":\"https:\\\/\\\/melissapontery.fr\\\/wp-content\\\/uploads\\\/2025\\\/08\\\/La-Plage-de-la-mariee.png\",\"keywords\":[\"Clarisse Sabard\",\"H\u00e9ro\u00efne\",\"Identit\u00e9\",\"R\u00e9silience\",\"Secrets de famille\"],\"articleSection\":[\"Chroniques de livres\",\"Roman\"],\"inLanguage\":\"fr-FR\",\"potentialAction\":[{\"@type\":\"CommentAction\",\"name\":\"Comment\",\"target\":[\"https:\\\/\\\/melissapontery.fr\\\/index.php\\\/2025\\\/08\\\/15\\\/la-plage-de-la-mariee\\\/#respond\"]}]},{\"@type\":\"WebPage\",\"@id\":\"https:\\\/\\\/melissapontery.fr\\\/index.php\\\/2025\\\/08\\\/15\\\/la-plage-de-la-mariee\\\/\",\"url\":\"https:\\\/\\\/melissapontery.fr\\\/index.php\\\/2025\\\/08\\\/15\\\/la-plage-de-la-mariee\\\/\",\"name\":\"La Plage de la mari\u00e9e : une qu\u00eate d'identit\u00e9 douce-am\u00e8re - M\u00e9lissa Pont\u00e9ry\",\"isPartOf\":{\"@id\":\"https:\\\/\\\/melissapontery.fr\\\/#website\"},\"primaryImageOfPage\":{\"@id\":\"https:\\\/\\\/melissapontery.fr\\\/index.php\\\/2025\\\/08\\\/15\\\/la-plage-de-la-mariee\\\/#primaryimage\"},\"image\":{\"@id\":\"https:\\\/\\\/melissapontery.fr\\\/index.php\\\/2025\\\/08\\\/15\\\/la-plage-de-la-mariee\\\/#primaryimage\"},\"thumbnailUrl\":\"https:\\\/\\\/melissapontery.fr\\\/wp-content\\\/uploads\\\/2025\\\/08\\\/La-Plage-de-la-mariee.png\",\"datePublished\":\"2025-08-15T08:00:00+00:00\",\"dateModified\":\"2026-03-11T15:19:05+00:00\",\"description\":\"Dans La Plage de la mari\u00e9e, Clarisse Sabard nous transporte au c\u0153ur d\u2019une histoire familiale pleine de secrets, de paysages envo\u00fbtants et d\u2019\u00e9motions finement distill\u00e9es.\",\"breadcrumb\":{\"@id\":\"https:\\\/\\\/melissapontery.fr\\\/index.php\\\/2025\\\/08\\\/15\\\/la-plage-de-la-mariee\\\/#breadcrumb\"},\"inLanguage\":\"fr-FR\",\"potentialAction\":[{\"@type\":\"ReadAction\",\"target\":[\"https:\\\/\\\/melissapontery.fr\\\/index.php\\\/2025\\\/08\\\/15\\\/la-plage-de-la-mariee\\\/\"]}]},{\"@type\":\"ImageObject\",\"inLanguage\":\"fr-FR\",\"@id\":\"https:\\\/\\\/melissapontery.fr\\\/index.php\\\/2025\\\/08\\\/15\\\/la-plage-de-la-mariee\\\/#primaryimage\",\"url\":\"https:\\\/\\\/melissapontery.fr\\\/wp-content\\\/uploads\\\/2025\\\/08\\\/La-Plage-de-la-mariee.png\",\"contentUrl\":\"https:\\\/\\\/melissapontery.fr\\\/wp-content\\\/uploads\\\/2025\\\/08\\\/La-Plage-de-la-mariee.png\",\"width\":800,\"height\":500,\"caption\":\"Chronique de livre par M\u00e9lissa Pont\u00e9ry\"},{\"@type\":\"BreadcrumbList\",\"@id\":\"https:\\\/\\\/melissapontery.fr\\\/index.php\\\/2025\\\/08\\\/15\\\/la-plage-de-la-mariee\\\/#breadcrumb\",\"itemListElement\":[{\"@type\":\"ListItem\",\"position\":1,\"name\":\"Accueil\",\"item\":\"https:\\\/\\\/melissapontery.fr\\\/\"},{\"@type\":\"ListItem\",\"position\":2,\"name\":\"Chroniques de livres\",\"item\":\"https:\\\/\\\/melissapontery.fr\\\/index.php\\\/category\\\/chroniques-de-livres\\\/\"},{\"@type\":\"ListItem\",\"position\":3,\"name\":\"La Plage de la mari\u00e9e : une qu\u00eate d&rsquo;identit\u00e9 douce-am\u00e8re\"}]},{\"@type\":\"WebSite\",\"@id\":\"https:\\\/\\\/melissapontery.fr\\\/#website\",\"url\":\"https:\\\/\\\/melissapontery.fr\\\/\",\"name\":\"M\u00e9lissa Pont\u00e9ry\",\"description\":\"Autrice, R\u00e9dactrice et Lectrice\",\"publisher\":{\"@id\":\"https:\\\/\\\/melissapontery.fr\\\/#\\\/schema\\\/person\\\/879d99a7ed8522fc4c9aba2d2e3b615c\"},\"potentialAction\":[{\"@type\":\"SearchAction\",\"target\":{\"@type\":\"EntryPoint\",\"urlTemplate\":\"https:\\\/\\\/melissapontery.fr\\\/?s={search_term_string}\"},\"query-input\":{\"@type\":\"PropertyValueSpecification\",\"valueRequired\":true,\"valueName\":\"search_term_string\"}}],\"inLanguage\":\"fr-FR\"},{\"@type\":[\"Person\",\"Organization\"],\"@id\":\"https:\\\/\\\/melissapontery.fr\\\/#\\\/schema\\\/person\\\/879d99a7ed8522fc4c9aba2d2e3b615c\",\"name\":\"M\u00e9lissa Pont\u00e9ry\",\"image\":{\"@type\":\"ImageObject\",\"inLanguage\":\"fr-FR\",\"@id\":\"http:\\\/\\\/iksscaz.cluster031.hosting.ovh.net\\\/wp-content\\\/uploads\\\/2022\\\/02\\\/A-propos-5.png\",\"url\":\"http:\\\/\\\/iksscaz.cluster031.hosting.ovh.net\\\/wp-content\\\/uploads\\\/2022\\\/02\\\/A-propos-5.png\",\"contentUrl\":\"http:\\\/\\\/iksscaz.cluster031.hosting.ovh.net\\\/wp-content\\\/uploads\\\/2022\\\/02\\\/A-propos-5.png\",\"width\":550,\"height\":550,\"caption\":\"M\u00e9lissa Pont\u00e9ry\"},\"logo\":{\"@id\":\"http:\\\/\\\/iksscaz.cluster031.hosting.ovh.net\\\/wp-content\\\/uploads\\\/2022\\\/02\\\/A-propos-5.png\"},\"sameAs\":[\"https:\\\/\\\/www.melissapontery.fr\",\"@melissa.pontery.auteure\"],\"url\":\"https:\\\/\\\/melissapontery.fr\\\/index.php\\\/author\\\/admin3115\\\/\"}]}<\/script>\n<!-- \/ Yoast SEO plugin. -->","yoast_head_json":{"title":"La Plage de la mari\u00e9e : une qu\u00eate d'identit\u00e9 douce-am\u00e8re - M\u00e9lissa Pont\u00e9ry","description":"Dans La Plage de la mari\u00e9e, Clarisse Sabard nous transporte au c\u0153ur d\u2019une histoire familiale pleine de secrets, de paysages envo\u00fbtants et d\u2019\u00e9motions finement distill\u00e9es.","robots":{"index":"index","follow":"follow","max-snippet":"max-snippet:-1","max-image-preview":"max-image-preview:large","max-video-preview":"max-video-preview:-1"},"canonical":"https:\/\/melissapontery.fr\/index.php\/2025\/08\/15\/la-plage-de-la-mariee\/","og_locale":"fr_FR","og_type":"article","og_title":"La Plage de la mari\u00e9e : une qu\u00eate d'identit\u00e9 douce-am\u00e8re - M\u00e9lissa Pont\u00e9ry","og_description":"Dans La Plage de la mari\u00e9e, Clarisse Sabard nous transporte au c\u0153ur d\u2019une histoire familiale pleine de secrets, de paysages envo\u00fbtants et d\u2019\u00e9motions finement distill\u00e9es.","og_url":"https:\/\/melissapontery.fr\/index.php\/2025\/08\/15\/la-plage-de-la-mariee\/","og_site_name":"M\u00e9lissa Pont\u00e9ry","article_published_time":"2025-08-15T08:00:00+00:00","article_modified_time":"2026-03-11T15:19:05+00:00","og_image":[{"width":800,"height":500,"url":"https:\/\/melissapontery.fr\/wp-content\/uploads\/2025\/08\/La-Plage-de-la-mariee.png","type":"image\/png"}],"author":"M\u00e9lissa Pont\u00e9ry","twitter_card":"summary_large_image","twitter_misc":{"\u00c9crit par":"M\u00e9lissa Pont\u00e9ry","Dur\u00e9e de lecture estim\u00e9e":"3 minutes"},"schema":{"@context":"https:\/\/schema.org","@graph":[{"@type":"Article","@id":"https:\/\/melissapontery.fr\/index.php\/2025\/08\/15\/la-plage-de-la-mariee\/#article","isPartOf":{"@id":"https:\/\/melissapontery.fr\/index.php\/2025\/08\/15\/la-plage-de-la-mariee\/"},"author":{"name":"M\u00e9lissa Pont\u00e9ry","@id":"https:\/\/melissapontery.fr\/#\/schema\/person\/879d99a7ed8522fc4c9aba2d2e3b615c"},"headline":"La Plage de la mari\u00e9e : une qu\u00eate d&rsquo;identit\u00e9 douce-am\u00e8re","datePublished":"2025-08-15T08:00:00+00:00","dateModified":"2026-03-11T15:19:05+00:00","mainEntityOfPage":{"@id":"https:\/\/melissapontery.fr\/index.php\/2025\/08\/15\/la-plage-de-la-mariee\/"},"wordCount":609,"commentCount":0,"publisher":{"@id":"https:\/\/melissapontery.fr\/#\/schema\/person\/879d99a7ed8522fc4c9aba2d2e3b615c"},"image":{"@id":"https:\/\/melissapontery.fr\/index.php\/2025\/08\/15\/la-plage-de-la-mariee\/#primaryimage"},"thumbnailUrl":"https:\/\/melissapontery.fr\/wp-content\/uploads\/2025\/08\/La-Plage-de-la-mariee.png","keywords":["Clarisse Sabard","H\u00e9ro\u00efne","Identit\u00e9","R\u00e9silience","Secrets de famille"],"articleSection":["Chroniques de livres","Roman"],"inLanguage":"fr-FR","potentialAction":[{"@type":"CommentAction","name":"Comment","target":["https:\/\/melissapontery.fr\/index.php\/2025\/08\/15\/la-plage-de-la-mariee\/#respond"]}]},{"@type":"WebPage","@id":"https:\/\/melissapontery.fr\/index.php\/2025\/08\/15\/la-plage-de-la-mariee\/","url":"https:\/\/melissapontery.fr\/index.php\/2025\/08\/15\/la-plage-de-la-mariee\/","name":"La Plage de la mari\u00e9e : une qu\u00eate d'identit\u00e9 douce-am\u00e8re - M\u00e9lissa Pont\u00e9ry","isPartOf":{"@id":"https:\/\/melissapontery.fr\/#website"},"primaryImageOfPage":{"@id":"https:\/\/melissapontery.fr\/index.php\/2025\/08\/15\/la-plage-de-la-mariee\/#primaryimage"},"image":{"@id":"https:\/\/melissapontery.fr\/index.php\/2025\/08\/15\/la-plage-de-la-mariee\/#primaryimage"},"thumbnailUrl":"https:\/\/melissapontery.fr\/wp-content\/uploads\/2025\/08\/La-Plage-de-la-mariee.png","datePublished":"2025-08-15T08:00:00+00:00","dateModified":"2026-03-11T15:19:05+00:00","description":"Dans La Plage de la mari\u00e9e, Clarisse Sabard nous transporte au c\u0153ur d\u2019une histoire familiale pleine de secrets, de paysages envo\u00fbtants et d\u2019\u00e9motions finement distill\u00e9es.","breadcrumb":{"@id":"https:\/\/melissapontery.fr\/index.php\/2025\/08\/15\/la-plage-de-la-mariee\/#breadcrumb"},"inLanguage":"fr-FR","potentialAction":[{"@type":"ReadAction","target":["https:\/\/melissapontery.fr\/index.php\/2025\/08\/15\/la-plage-de-la-mariee\/"]}]},{"@type":"ImageObject","inLanguage":"fr-FR","@id":"https:\/\/melissapontery.fr\/index.php\/2025\/08\/15\/la-plage-de-la-mariee\/#primaryimage","url":"https:\/\/melissapontery.fr\/wp-content\/uploads\/2025\/08\/La-Plage-de-la-mariee.png","contentUrl":"https:\/\/melissapontery.fr\/wp-content\/uploads\/2025\/08\/La-Plage-de-la-mariee.png","width":800,"height":500,"caption":"Chronique de livre par M\u00e9lissa Pont\u00e9ry"},{"@type":"BreadcrumbList","@id":"https:\/\/melissapontery.fr\/index.php\/2025\/08\/15\/la-plage-de-la-mariee\/#breadcrumb","itemListElement":[{"@type":"ListItem","position":1,"name":"Accueil","item":"https:\/\/melissapontery.fr\/"},{"@type":"ListItem","position":2,"name":"Chroniques de livres","item":"https:\/\/melissapontery.fr\/index.php\/category\/chroniques-de-livres\/"},{"@type":"ListItem","position":3,"name":"La Plage de la mari\u00e9e : une qu\u00eate d&rsquo;identit\u00e9 douce-am\u00e8re"}]},{"@type":"WebSite","@id":"https:\/\/melissapontery.fr\/#website","url":"https:\/\/melissapontery.fr\/","name":"M\u00e9lissa Pont\u00e9ry","description":"Autrice, R\u00e9dactrice et Lectrice","publisher":{"@id":"https:\/\/melissapontery.fr\/#\/schema\/person\/879d99a7ed8522fc4c9aba2d2e3b615c"},"potentialAction":[{"@type":"SearchAction","target":{"@type":"EntryPoint","urlTemplate":"https:\/\/melissapontery.fr\/?s={search_term_string}"},"query-input":{"@type":"PropertyValueSpecification","valueRequired":true,"valueName":"search_term_string"}}],"inLanguage":"fr-FR"},{"@type":["Person","Organization"],"@id":"https:\/\/melissapontery.fr\/#\/schema\/person\/879d99a7ed8522fc4c9aba2d2e3b615c","name":"M\u00e9lissa Pont\u00e9ry","image":{"@type":"ImageObject","inLanguage":"fr-FR","@id":"http:\/\/iksscaz.cluster031.hosting.ovh.net\/wp-content\/uploads\/2022\/02\/A-propos-5.png","url":"http:\/\/iksscaz.cluster031.hosting.ovh.net\/wp-content\/uploads\/2022\/02\/A-propos-5.png","contentUrl":"http:\/\/iksscaz.cluster031.hosting.ovh.net\/wp-content\/uploads\/2022\/02\/A-propos-5.png","width":550,"height":550,"caption":"M\u00e9lissa Pont\u00e9ry"},"logo":{"@id":"http:\/\/iksscaz.cluster031.hosting.ovh.net\/wp-content\/uploads\/2022\/02\/A-propos-5.png"},"sameAs":["https:\/\/www.melissapontery.fr","@melissa.pontery.auteure"],"url":"https:\/\/melissapontery.fr\/index.php\/author\/admin3115\/"}]}},"_links":{"self":[{"href":"https:\/\/melissapontery.fr\/index.php\/wp-json\/wp\/v2\/posts\/2330","targetHints":{"allow":["GET"]}}],"collection":[{"href":"https:\/\/melissapontery.fr\/index.php\/wp-json\/wp\/v2\/posts"}],"about":[{"href":"https:\/\/melissapontery.fr\/index.php\/wp-json\/wp\/v2\/types\/post"}],"author":[{"embeddable":true,"href":"https:\/\/melissapontery.fr\/index.php\/wp-json\/wp\/v2\/users\/1"}],"replies":[{"embeddable":true,"href":"https:\/\/melissapontery.fr\/index.php\/wp-json\/wp\/v2\/comments?post=2330"}],"version-history":[{"count":4,"href":"https:\/\/melissapontery.fr\/index.php\/wp-json\/wp\/v2\/posts\/2330\/revisions"}],"predecessor-version":[{"id":2448,"href":"https:\/\/melissapontery.fr\/index.php\/wp-json\/wp\/v2\/posts\/2330\/revisions\/2448"}],"wp:featuredmedia":[{"embeddable":true,"href":"https:\/\/melissapontery.fr\/index.php\/wp-json\/wp\/v2\/media\/2332"}],"wp:attachment":[{"href":"https:\/\/melissapontery.fr\/index.php\/wp-json\/wp\/v2\/media?parent=2330"}],"wp:term":[{"taxonomy":"category","embeddable":true,"href":"https:\/\/melissapontery.fr\/index.php\/wp-json\/wp\/v2\/categories?post=2330"},{"taxonomy":"post_tag","embeddable":true,"href":"https:\/\/melissapontery.fr\/index.php\/wp-json\/wp\/v2\/tags?post=2330"}],"curies":[{"name":"wp","href":"https:\/\/api.w.org\/{rel}","templated":true}]}}